{"id":27792,"date":"2020-04-30T14:48:38","date_gmt":"2020-04-30T12:48:38","guid":{"rendered":"https:\/\/test4.mi-backup.ch\/?p=27792"},"modified":"2020-05-01T22:52:29","modified_gmt":"2020-05-01T20:52:29","slug":"papst-franziskus-ruft-zum-rosenkranzgebet-auf","status":"publish","type":"post","link":"https:\/\/test4.mi-backup.ch\/de\/papst-franziskus-ruft-zum-rosenkranzgebet-auf\/","title":{"rendered":"Papst Franziskus ruft zum Rosenkranzgebet auf \u2013 unsere top 3 Rosenkranzartikel"},"content":{"rendered":"<p><img loading=\"lazy\" class=\"size-full wp-image-27781 alignright\" src=\"https:\/\/test4.mi-backup.ch\/wp-content\/uploads\/2020\/04\/202004_post_fracis_fatima.jpg\" alt=\"\" width=\"261\" height=\"200\" \/>Papst Franziskus rief in seinem Schreiben vom 25. April zum Rosenkranz Gebet auf zur \u00dcberwindung der aktuellen Krise (Quelle: <a href=\"https:\/\/www.vaticannews.va\/de\/papst\/news\/2020-04\/papst-franziskus-brief-rosenkranz-mai-wortlaut-deutsch.html\" target=\"_blank\" rel=\"noopener noreferrer\">vaticannews.va<\/a>). Im Monat Mai, \u00abin dem das Volk Gottes ganz besonders seine Liebe und Verehrung f\u00fcr die Jungfrau Maria zum Ausdruck bringt\u00bb sei dies besonders passend. Er weist auch darauf hin, dass man \u00fcber das Internet gute Vorlagen und Hilfen zum Rosenkranzgebet erh\u00e4lt. Gerne nehmen wir diesen Aufruf zum Anlass, um unsere Artikel zum Rosenkranzgebet vorzustellen, die Sie gegen freie Spende bei uns im <a href=\"https:\/\/test4.mi-backup.ch\/de\/shop\/\" target=\"_blank\" rel=\"noopener noreferrer\">Webshop<\/a> bestellen k\u00f6nnen. Nutzen Sie das Angebot und verschenken Sie diese Artikel auch weiter oder fragen Sie in Ihrer Pfarrei, ob man diese im B\u00fccherstand auslegen darf.<\/p>\n<p><strong>Top 3 Artikel:<\/strong><\/p>\n<p><strong>1) <\/strong><a href=\"https:\/\/test4.mi-backup.ch\/de\/shop\/rosenkranz\/rosenkranzset\/\" target=\"_blank\" rel=\"noopener noreferrer\"><strong>Allgemeines Rosenkranzset<\/strong><\/a> gesegnet (Warenwert EUR 1.70 \/ Fr. 1.90)<\/p>\n<blockquote class=\"wp-embedded-content\" data-secret=\"nmBog4akU4\"><p><a href=\"https:\/\/test4.mi-backup.ch\/de\/shop\/rosenkranz\/rosenkranzset\/\">Rosenkranzset<\/a><\/p><\/blockquote>\n<p><iframe class=\"wp-embedded-content\" sandbox=\"allow-scripts\" security=\"restricted\" style=\"position: absolute; clip: rect(1px, 1px, 1px, 1px);\" title=\"&#8222;Rosenkranzset&#8220; &#8212; Militia Immaculatae\" src=\"https:\/\/test4.mi-backup.ch\/de\/shop\/rosenkranz\/rosenkranzset\/embed\/#?secret=1VIbdWkcNM#?secret=nmBog4akU4\" data-secret=\"nmBog4akU4\" width=\"600\" height=\"338\" frameborder=\"0\" marginwidth=\"0\" marginheight=\"0\" scrolling=\"no\"><\/iframe><\/p>\n<p>&nbsp;<\/p>\n<p><strong>2) <\/strong><a href=\"https:\/\/test4.mi-backup.ch\/de\/shop\/flyer\/rosenkranzbroschuere-maenner\/\"><strong>M\u00e4nner-Rosenkranzbrosch\u00fcre<\/strong><\/a> (Warenwert EUR 1.- \/ Fr. 1.10)<\/p>\n<p>Wer der Ansicht ist, der Rosenkranz sei eher ein Gebet f\u00fcr Frauen und \u00e4ltere Leute, kann durch diese Brosch\u00fcre eine neue Sichtweise gewinnen. Sie richtet sich gezielt an katholische M\u00e4nner jeden Alters, welche an sich den Rosenkranz schon zu beten wissen (ansonsten enth\u00e4lt unsere andere Rosenkranzbrosch\u00fcre <a href=\"https:\/\/test4.mi-backup.ch\/de\/shop\/flyer\/rosenkranzbroschuere\/\" target=\"_blank\" rel=\"noopener noreferrer\">hier<\/a> eine Anleitung).<\/p>\n<blockquote class=\"wp-embedded-content\" data-secret=\"x27WXl8pNb\"><p><a href=\"https:\/\/test4.mi-backup.ch\/de\/shop\/flyer\/rosenkranzbroschuere-maenner\/\">Rosenkranzbrosch\u00fcre M\u00e4nner<\/a><\/p><\/blockquote>\n<p><iframe class=\"wp-embedded-content\" sandbox=\"allow-scripts\" security=\"restricted\" style=\"position: absolute; clip: rect(1px, 1px, 1px, 1px);\" title=\"&#8222;Rosenkranzbrosch\u00fcre M\u00e4nner&#8220; &#8212; Militia Immaculatae\" src=\"https:\/\/test4.mi-backup.ch\/de\/shop\/flyer\/rosenkranzbroschuere-maenner\/embed\/#?secret=Ut1qFEQelm#?secret=x27WXl8pNb\" data-secret=\"x27WXl8pNb\" width=\"600\" height=\"338\" frameborder=\"0\" marginwidth=\"0\" marginheight=\"0\" scrolling=\"no\"><\/iframe><\/p>\n<p>&nbsp;<\/p>\n<p><strong>3)<\/strong><a href=\"https:\/\/test4.mi-backup.ch\/de\/shop\/flyer\/rosenkranzbetrachtung\/\" target=\"_blank\" rel=\"noopener noreferrer\"><strong> Rosenkranzbetrachtungsbrosch\u00fcre<\/strong><\/a> (Warenwert EUR 1.- \/ Fr. 1.10)<\/p>\n<p>Diese Brosch\u00fcre bietet eine einfach Betrachtungshilfe. Sie geht zweimal alle 15 Geheimnisse des Rosenkranzes durch indem sie jeweils ein sch\u00f6nes Bild und zu jedem Ave Maria einen Gedanken zur Betrachtung bietet.<\/p>\n<blockquote class=\"wp-embedded-content\" data-secret=\"VXH1vO7WZf\"><p><a href=\"https:\/\/test4.mi-backup.ch\/de\/shop\/flyer\/rosenkranzbetrachtung\/\">Rosenkranzbetrachtung<\/a><\/p><\/blockquote>\n<p><iframe class=\"wp-embedded-content\" sandbox=\"allow-scripts\" security=\"restricted\" style=\"position: absolute; clip: rect(1px, 1px, 1px, 1px);\" title=\"&#8222;Rosenkranzbetrachtung&#8220; &#8212; Militia Immaculatae\" src=\"https:\/\/test4.mi-backup.ch\/de\/shop\/flyer\/rosenkranzbetrachtung\/embed\/#?secret=ISjOEZSwO2#?secret=VXH1vO7WZf\" data-secret=\"VXH1vO7WZf\" width=\"600\" height=\"338\" frameborder=\"0\" marginwidth=\"0\" marginheight=\"0\" scrolling=\"no\"><\/iframe><\/p>\n<p>In Erg\u00e4nzung hierzu sei auf die 3 Vortr\u00e4ge \u00ab<a href=\"https:\/\/www.youtube.com\/watch?v=doP-Fpte7k8&amp;list=PLHsLAIhQKCSghvwuBC1By3NfYxmK7BWfY\" target=\"_blank\" rel=\"noopener\">Wege zum wirksamen Rosenkranzgebet<\/a>\u00bb auf dem MI-YouTube-Kanal hingewiesen.<\/p>\n<p><iframe loading=\"lazy\" src=\"https:\/\/www.youtube.com\/embed\/doP-Fpte7k8\" width=\"560\" height=\"315\" frameborder=\"0\" allowfullscreen=\"allowfullscreen\"><\/iframe><\/p>\n<p>&nbsp;<\/p>\n<p>Weitere B\u00fccher oder Artikel zum Rosenkranzgebet finden Sie hier in der <a href=\"https:\/\/test4.mi-backup.ch\/de\/Produktkategorie\/rosenkranz\/\">Shop-Kategorie Ros<\/a><a href=\"https:\/\/test4.mi-backup.ch\/de\/Produktkategorie\/rosenkranz\/\">enkranz<\/a><\/p>\n<p>&nbsp;<\/p>\n<p>Noch ein Zitat von Papst Franziskus<\/p>\n<blockquote><p><em>\u00abLiebe Br\u00fcder und Schwestern, wenn wir gemeinsam mit dem Herzen Marias, unserer Mutter, das Antlitz Christi betrachten, wird uns dies immer tiefer als geistliche Familie vereinen und uns helfen, diese Pr\u00fcfung zu \u00fcberwinden. Ich werde f\u00fcr euch beten, insbesondere f\u00fcr diejenigen, die am meisten leiden, und ihr betet bitte f\u00fcr mich. Ich danke euch und segne euch von Herzen.\u00bb <\/em><\/p><\/blockquote>\n<p>&nbsp;<\/p>\n","protected":false},"excerpt":{"rendered":"<p>Papst Franziskus rief in seinem Schreiben vom 25. April zum Rosenkranz Gebet auf zur \u00dcberwindung der aktuellen Krise (Quelle: vaticannews.va). Im Monat Mai, \u00abin dem das Volk Gottes ganz besonders seine Liebe und Verehrung f\u00fcr die Jungfrau Maria zum Ausdruck bringt\u00bb sei dies besonders passend. Er weist auch darauf hin,<a class=\"more-link\" href=\"https:\/\/test4.mi-backup.ch\/de\/papst-franziskus-ruft-zum-rosenkranzgebet-auf\/\">Weiterlesen &rarr;<\/a><\/p>\n","protected":false},"author":9,"featured_media":27781,"comment_status":"closed","ping_status":"closed","sticky":false,"template":"","format":"standard","meta":[],"categories":[1],"tags":[],"_links":{"self":[{"href":"https:\/\/test4.mi-backup.ch\/de\/wp-json\/wp\/v2\/posts\/27792"}],"collection":[{"href":"https:\/\/test4.mi-backup.ch\/de\/wp-json\/wp\/v2\/posts"}],"about":[{"href":"https:\/\/test4.mi-backup.ch\/de\/wp-json\/wp\/v2\/types\/post"}],"author":[{"embeddable":true,"href":"https:\/\/test4.mi-backup.ch\/de\/wp-json\/wp\/v2\/users\/9"}],"replies":[{"embeddable":true,"href":"https:\/\/test4.mi-backup.ch\/de\/wp-json\/wp\/v2\/comments?post=27792"}],"version-history":[{"count":5,"href":"https:\/\/test4.mi-backup.ch\/de\/wp-json\/wp\/v2\/posts\/27792\/revisions"}],"predecessor-version":[{"id":27873,"href":"https:\/\/test4.mi-backup.ch\/de\/wp-json\/wp\/v2\/posts\/27792\/revisions\/27873"}],"wp:featuredmedia":[{"embeddable":true,"href":"https:\/\/test4.mi-backup.ch\/de\/wp-json\/wp\/v2\/media\/27781"}],"wp:attachment":[{"href":"https:\/\/test4.mi-backup.ch\/de\/wp-json\/wp\/v2\/media?parent=27792"}],"wp:term":[{"taxonomy":"category","embeddable":true,"href":"https:\/\/test4.mi-backup.ch\/de\/wp-json\/wp\/v2\/categories?post=27792"},{"taxonomy":"post_tag","embeddable":true,"href":"https:\/\/test4.mi-backup.ch\/de\/wp-json\/wp\/v2\/tags?post=27792"}],"curies":[{"name":"wp","href":"https:\/\/api.w.org\/{rel}","templated":true}]}}