{"id":28483,"date":"2020-05-23T22:56:50","date_gmt":"2020-05-23T20:56:50","guid":{"rendered":"https:\/\/test4.mi-backup.ch\/?p=28483"},"modified":"2020-05-23T22:57:07","modified_gmt":"2020-05-23T20:57:07","slug":"der-skapulierflyer-nun-auch-auf-franzoesisch","status":"publish","type":"post","link":"https:\/\/test4.mi-backup.ch\/de\/der-skapulierflyer-nun-auch-auf-franzoesisch\/","title":{"rendered":"Der Skapulierflyer nun auch auf Franz\u00f6sisch!"},"content":{"rendered":"<p><a href=\"https:\/\/test4.mi-backup.ch\/de\/shop\/flyer\/skapulierflyer\/\"><img loading=\"lazy\" class=\" wp-image-28457 alignright\" src=\"https:\/\/test4.mi-backup.ch\/wp-content\/uploads\/2020\/05\/Skapulier-fr.jpg\" alt=\"\" width=\"350\" height=\"350\" srcset=\"https:\/\/test4.mi-backup.ch\/wp-content\/uploads\/2020\/05\/Skapulier-fr.jpg 600w, https:\/\/test4.mi-backup.ch\/wp-content\/uploads\/2020\/05\/Skapulier-fr-300x300.jpg 300w, https:\/\/test4.mi-backup.ch\/wp-content\/uploads\/2020\/05\/Skapulier-fr-150x150.jpg 150w, https:\/\/test4.mi-backup.ch\/wp-content\/uploads\/2020\/05\/Skapulier-fr-32x32.jpg 32w, https:\/\/test4.mi-backup.ch\/wp-content\/uploads\/2020\/05\/Skapulier-fr-425x425.jpg 425w, https:\/\/test4.mi-backup.ch\/wp-content\/uploads\/2020\/05\/Skapulier-fr-400x400.jpg 400w, https:\/\/test4.mi-backup.ch\/wp-content\/uploads\/2020\/05\/Skapulier-fr-100x100.jpg 100w\" sizes=\"(max-width: 350px) 100vw, 350px\" \/><\/a>Dieses Faltblatt stellt das Skapulier vor: seinen Ursprung, die himmlischen Verhei\u00dfungen und die Bedingungen welche an dieselben gekn\u00fcpft sind. Auch andere Fragen werden darin beantwortet:<\/p>\n<ul>\n<li>Ist die Skapuliermedaille ein ebenb\u00fcrtiger Ersatz f\u00fcr das Skapulier?<\/li>\n<li>Was haben die Erscheinungen Mariens in Fatima mit dem Skapulier zu tun?<\/li>\n<\/ul>\n<p><a href=\"https:\/\/test4.mi-backup.ch\/de\/shop\/flyer\/skapulierflyer\/\">Nun ist dieses Faltblatt auch auf Franz\u00f6sisch erh\u00e4ltlich!<\/a><\/p>\n","protected":false},"excerpt":{"rendered":"<p>Dieses Faltblatt stellt das Skapulier vor: seinen Ursprung, die himmlischen Verhei\u00dfungen und die Bedingungen welche an dieselben gekn\u00fcpft sind. Auch andere Fragen werden darin beantwortet: Ist die Skapuliermedaille ein ebenb\u00fcrtiger Ersatz f\u00fcr das Skapulier? Was haben die Erscheinungen Mariens in Fatima mit dem Skapulier zu tun? Nun ist dieses Faltblatt<a class=\"more-link\" href=\"https:\/\/test4.mi-backup.ch\/de\/der-skapulierflyer-nun-auch-auf-franzoesisch\/\">Weiterlesen &rarr;<\/a><\/p>\n","protected":false},"author":9,"featured_media":28465,"comment_status":"closed","ping_status":"closed","sticky":false,"template":"","format":"standard","meta":[],"categories":[1],"tags":[],"_links":{"self":[{"href":"https:\/\/test4.mi-backup.ch\/de\/wp-json\/wp\/v2\/posts\/28483"}],"collection":[{"href":"https:\/\/test4.mi-backup.ch\/de\/wp-json\/wp\/v2\/posts"}],"about":[{"href":"https:\/\/test4.mi-backup.ch\/de\/wp-json\/wp\/v2\/types\/post"}],"author":[{"embeddable":true,"href":"https:\/\/test4.mi-backup.ch\/de\/wp-json\/wp\/v2\/users\/9"}],"replies":[{"embeddable":true,"href":"https:\/\/test4.mi-backup.ch\/de\/wp-json\/wp\/v2\/comments?post=28483"}],"version-history":[{"count":1,"href":"https:\/\/test4.mi-backup.ch\/de\/wp-json\/wp\/v2\/posts\/28483\/revisions"}],"predecessor-version":[{"id":28484,"href":"https:\/\/test4.mi-backup.ch\/de\/wp-json\/wp\/v2\/posts\/28483\/revisions\/28484"}],"wp:featuredmedia":[{"embeddable":true,"href":"https:\/\/test4.mi-backup.ch\/de\/wp-json\/wp\/v2\/media\/28465"}],"wp:attachment":[{"href":"https:\/\/test4.mi-backup.ch\/de\/wp-json\/wp\/v2\/media?parent=28483"}],"wp:term":[{"taxonomy":"category","embeddable":true,"href":"https:\/\/test4.mi-backup.ch\/de\/wp-json\/wp\/v2\/categories?post=28483"},{"taxonomy":"post_tag","embeddable":true,"href":"https:\/\/test4.mi-backup.ch\/de\/wp-json\/wp\/v2\/tags?post=28483"}],"curies":[{"name":"wp","href":"https:\/\/api.w.org\/{rel}","templated":true}]}}