{"id":29065,"date":"2020-06-18T23:03:59","date_gmt":"2020-06-18T21:03:59","guid":{"rendered":"https:\/\/test4.mi-backup.ch\/?p=29065"},"modified":"2020-06-18T23:15:22","modified_gmt":"2020-06-18T21:15:22","slug":"zum-herz-jesu-fest","status":"publish","type":"post","link":"https:\/\/test4.mi-backup.ch\/de\/zum-herz-jesu-fest\/","title":{"rendered":"Zum Herz-Jesu-Fest: Die vereinten Herzen Jesu und Mariens"},"content":{"rendered":"<figure id=\"attachment_29066\" aria-describedby=\"caption-attachment-29066\" style=\"width: 261px\" class=\"wp-caption alignright\"><img loading=\"lazy\" class=\"wp-image-29066 size-full\" src=\"https:\/\/test4.mi-backup.ch\/wp-content\/uploads\/2020\/06\/202006_zwei_herzen.jpg\" alt=\"\" width=\"261\" height=\"200\" \/><figcaption id=\"caption-attachment-29066\" class=\"wp-caption-text\">Nahaufnahme der Herzen Jesu und Mariens auf der Wundert\u00e4tigen Medaille<\/figcaption><\/figure>\n<p>Die kleine hl. Jacinta sagte zu Lucia: \u201eSag es allen, dass das Herz Jesu will, dass mit ihm auch das Herz unserer himmlischen Mutter verehrt werde.\u201c Denn nie gab es eine st\u00e4rkere, heiligere und treuere Liebe, nie eine opferm\u00e4chtigere Liebe in aller Sch\u00f6pfung von Himmel und Erde als die Liebe, die die beiden Herzen Jesu und Mari\u00e4 miteinander verbunden hat.<\/p>\n<p>Die Verehrung der <strong>Vereinten Herzen Jesu und Mariens<\/strong> verbinden die zwei Andachtsformen der Herz-Jesu- und Herz-Mari\u00e4-Verehrung. <strong>Die Verbindung beider findet sich dargestellt in der Pr\u00e4gung der Wundert\u00e4tigen Medaille<\/strong>.<\/p>\n<p>Die nach der Erscheinung von Paris gefertigte Medaille mit dem Bild der \u201eMittlerin aller Gnaden\u201c auf der Vorderseite und dem Bild der durch das Kreuz verbundenen Herzen auf der R\u00fcckseite ist der Hinweis auf das rettende Prinzip der g\u00f6ttlichen Liebe. Dieses besagt, dass nicht ohne die gesch\u00f6pfliche Mitwirkung das Heil des Menschen vollbracht wird (vgl. LK 1, 26-38). Es ist das kurzgefasste christliche Programm, das immer aktueller werden soll. Diese Wirklichkeit wird bildlich in den Vereinten Herzen Jesu und Mariens dargestellt. Das \u201eZeitalter der Unbefleckten Empf\u00e4ngnis\u201c beginnt mit einer Offenbarung der beiden Herzen, verbunden durch das Kreuz, dem Zeichen des Sieges! Die zwei Herzen auf der Wundert\u00e4tigen Medaille, werden uns in ihrem Leiden gezeigt: Das hl. Herz Jesu mit Dornen durchbohrt, jenes des unbefleckten Herzen Mariens mit einem Schwert. So werden wir immer an ihre Erl\u00f6sung, bzw. Miterl\u00f6sung erinnert, und daran, wie es diesen Herzen gef\u00e4llt, wenn wir S\u00fchne leisten f\u00fcr die vielen S\u00fcnden, die sie beleidigen.<\/p>\n<h2>Die Verhei\u00dfungen des hl. Herzen Jesu<\/h2>\n<figure id=\"attachment_29083\" aria-describedby=\"caption-attachment-29083\" style=\"width: 261px\" class=\"wp-caption alignright\"><img loading=\"lazy\" class=\"wp-image-29083\" src=\"https:\/\/test4.mi-backup.ch\/wp-content\/uploads\/2020\/06\/Margareta_maria_alacoque1-220x300.jpg\" alt=\"\" width=\"261\" height=\"355\" srcset=\"https:\/\/test4.mi-backup.ch\/wp-content\/uploads\/2020\/06\/Margareta_maria_alacoque1-220x300.jpg 220w, https:\/\/test4.mi-backup.ch\/wp-content\/uploads\/2020\/06\/Margareta_maria_alacoque1-404x550.jpg 404w, https:\/\/test4.mi-backup.ch\/wp-content\/uploads\/2020\/06\/Margareta_maria_alacoque1-600x817.jpg 600w, https:\/\/test4.mi-backup.ch\/wp-content\/uploads\/2020\/06\/Margareta_maria_alacoque1.jpg 694w\" sizes=\"(max-width: 261px) 100vw, 261px\" \/><figcaption id=\"caption-attachment-29083\" class=\"wp-caption-text\">Christus erscheint der hl. Margareta Maria Alacoque, Gem\u00e4lde des Seitenaltars der Spitalkirche in Eferding, Ober\u00f6sterreich<\/figcaption><\/figure>\n<p>Unser Herr ist mehrere Male der hl. Margareta Maria Alacoque erschienen (von 1673 bis 1675).<\/p>\n<p>W\u00e4hrend dieser Erscheinungen hat er Seinen Verehrern <strong>12 <\/strong>Verhei\u00dfungen gegeben:<\/p>\n<ol>\n<li>Ich werde die H\u00e4user segnen, in denen das Bild meines Heiligsten Herzens aufgestellt und verehrt wird.<\/li>\n<li>Ich werde ihnen alle in ihrem Stande notwendigen Gnaden geben.<\/li>\n<li>Ich werde ihren Familien den Frieden schenken.<\/li>\n<li>Ich werde sie in all ihren Leiden tr\u00f6sten.<\/li>\n<li>Ich werde ihre sichere Zufluchtsst\u00e4tte im Leben und besonders im Tode sein.<\/li>\n<li>Ich werde ihre Unternehmungen mit \u00fcberreichen Segen begleiten.<\/li>\n<li>Die S\u00fcnder werden in meinem Herzen die Quelle und das unendliche Meer der Barmherzigkeit finden.<\/li>\n<li>Die lauen Seelen werden eifrig werden.<\/li>\n<li>Die eifrigen Seelen werden schnell zu gro\u00dfer Vollkommenheit gelangen.<\/li>\n<li>Den Priestern werde ich die Gabe verleihen, selbst die h\u00e4rtesten Herzen zu r\u00fchren.<\/li>\n<li>Die Namen aller, die diese Andacht verbreiten, werden in meinem Herzen eingeschrieben sein und niemals daraus getilgt werden.<\/li>\n<li><strong> Ich verspreche allen, die an den ersten Freitagen neun Monate nacheinander kommunizieren, die Gnade eines bu\u00dffertigen Endes erhalten, so dass sie weder in meiner Ungnade noch ohne den Empfang der heiligen Sakramente sterben werden.<\/strong><\/li>\n<\/ol>\n<p>&nbsp;<\/p>\n","protected":false},"excerpt":{"rendered":"<p>Die kleine hl. Jacinta sagte zu Lucia: \u201eSag es allen, dass das Herz Jesu will, dass mit ihm auch das Herz unserer himmlischen Mutter verehrt werde.\u201c Denn nie gab es eine st\u00e4rkere, heiligere und treuere Liebe, nie eine opferm\u00e4chtigere Liebe in aller Sch\u00f6pfung von Himmel und Erde als die Liebe,<a class=\"more-link\" href=\"https:\/\/test4.mi-backup.ch\/de\/zum-herz-jesu-fest\/\">Weiterlesen &rarr;<\/a><\/p>\n","protected":false},"author":9,"featured_media":29066,"comment_status":"closed","ping_status":"closed","sticky":false,"template":"","format":"standard","meta":[],"categories":[1],"tags":[],"_links":{"self":[{"href":"https:\/\/test4.mi-backup.ch\/de\/wp-json\/wp\/v2\/posts\/29065"}],"collection":[{"href":"https:\/\/test4.mi-backup.ch\/de\/wp-json\/wp\/v2\/posts"}],"about":[{"href":"https:\/\/test4.mi-backup.ch\/de\/wp-json\/wp\/v2\/types\/post"}],"author":[{"embeddable":true,"href":"https:\/\/test4.mi-backup.ch\/de\/wp-json\/wp\/v2\/users\/9"}],"replies":[{"embeddable":true,"href":"https:\/\/test4.mi-backup.ch\/de\/wp-json\/wp\/v2\/comments?post=29065"}],"version-history":[{"count":4,"href":"https:\/\/test4.mi-backup.ch\/de\/wp-json\/wp\/v2\/posts\/29065\/revisions"}],"predecessor-version":[{"id":29093,"href":"https:\/\/test4.mi-backup.ch\/de\/wp-json\/wp\/v2\/posts\/29065\/revisions\/29093"}],"wp:featuredmedia":[{"embeddable":true,"href":"https:\/\/test4.mi-backup.ch\/de\/wp-json\/wp\/v2\/media\/29066"}],"wp:attachment":[{"href":"https:\/\/test4.mi-backup.ch\/de\/wp-json\/wp\/v2\/media?parent=29065"}],"wp:term":[{"taxonomy":"category","embeddable":true,"href":"https:\/\/test4.mi-backup.ch\/de\/wp-json\/wp\/v2\/categories?post=29065"},{"taxonomy":"post_tag","embeddable":true,"href":"https:\/\/test4.mi-backup.ch\/de\/wp-json\/wp\/v2\/tags?post=29065"}],"curies":[{"name":"wp","href":"https:\/\/api.w.org\/{rel}","templated":true}]}}