{"id":29305,"date":"2020-07-03T09:52:53","date_gmt":"2020-07-03T07:52:53","guid":{"rendered":"https:\/\/test4.mi-backup.ch\/?p=29305"},"modified":"2020-07-03T11:44:41","modified_gmt":"2020-07-03T09:44:41","slug":"unsere-liebe-frau-will-dass-wir-ihr-skapulier-tragen","status":"publish","type":"post","link":"https:\/\/test4.mi-backup.ch\/de\/unsere-liebe-frau-will-dass-wir-ihr-skapulier-tragen\/","title":{"rendered":"\u201eUnsere Liebe Frau will, dass wir ihr Skapulier tragen&#8221;"},"content":{"rendered":"<p><img loading=\"lazy\" class=\"alignright wp-image-29330\" src=\"https:\/\/test4.mi-backup.ch\/wp-content\/uploads\/2020\/07\/skapulier_freigestellt_jpg-300x264.jpg\" alt=\"\" width=\"225\" height=\"198\" srcset=\"https:\/\/test4.mi-backup.ch\/wp-content\/uploads\/2020\/07\/skapulier_freigestellt_jpg-300x264.jpg 300w, https:\/\/test4.mi-backup.ch\/wp-content\/uploads\/2020\/07\/skapulier_freigestellt_jpg-1024x902.jpg 1024w, https:\/\/test4.mi-backup.ch\/wp-content\/uploads\/2020\/07\/skapulier_freigestellt_jpg-768x677.jpg 768w, https:\/\/test4.mi-backup.ch\/wp-content\/uploads\/2020\/07\/skapulier_freigestellt_jpg-1536x1354.jpg 1536w, https:\/\/test4.mi-backup.ch\/wp-content\/uploads\/2020\/07\/skapulier_freigestellt_jpg-2048x1805.jpg 2048w, https:\/\/test4.mi-backup.ch\/wp-content\/uploads\/2020\/07\/skapulier_freigestellt_jpg-425x375.jpg 425w, https:\/\/test4.mi-backup.ch\/wp-content\/uploads\/2020\/07\/skapulier_freigestellt_jpg-600x529.jpg 600w\" sizes=\"(max-width: 225px) 100vw, 225px\" \/>Der Karmeliterpater Howard Rafferty verbreitete in den USA die Botschaft von Fatima. Rafferty unternahm ausgedehnte Reisen, um das Braune Skapulier und Fatima zu f\u00f6rdern. Da es \u00fcber den Zusammenhang von Skapulier und Fatima stets offene Fragen gab, w\u00fcnschte er, dar\u00fcber einmal <strong>mit Schwester Lucia von Fatima<\/strong> pers\u00f6nlich zu sprechen.<\/p>\n<p>Dies ist ein Auszug aus einem Vortrag, den er hielt:<\/p>\n<p>\u201eMeine lang ersehnte Gelegenheit kam im Heiligen Jahr 1950. Ein Freund von mir, Pater Luis Gonzaga Oliveira, ein Karmeliterkollege, war in der Lage, die notwendigen Vorkehrungen zu treffen. Da er sowohl Englisch als auch Portugiesisch sprach, begleitete er mich auf dem Besuch am Fest Mari\u00e4 Himmelfahrt, am 15. August. Als wir im Kloster ankamen, wurden wir in den Sprechsaal eingelassen, wo ein eisernes Gitter den Kreuzgang von der Au\u00dfenwelt trennt &#8230; Ich war etwa anderthalb Meter von Lucia \u2013 Schwester Maria Lucia vom unbefleckten Herzen \u2013 entfernt und konnte ihr Gesicht sehr gut sehen&#8230;<\/p>\n<p>Frage: \u201aZun\u00e4chst einmal: Ist Unsere Liebe Frau vom Berge Karmel in Fatima erschienen?\u2018<\/p>\n<p>Antwort: \u201aOh ja, Pater, sie kam.\u2018<\/p>\n<p>Frage: \u201aWoher wussten Sie, dass es die Muttergottes vom Karmel war?\u2018<\/p>\n<p><img loading=\"lazy\" class=\"alignright wp-image-29378\" src=\"https:\/\/test4.mi-backup.ch\/wp-content\/uploads\/2020\/07\/fatima_madonna_ohne_rand-215x300.jpg\" alt=\"\" width=\"225\" height=\"314\" srcset=\"https:\/\/test4.mi-backup.ch\/wp-content\/uploads\/2020\/07\/fatima_madonna_ohne_rand-215x300.jpg 215w, https:\/\/test4.mi-backup.ch\/wp-content\/uploads\/2020\/07\/fatima_madonna_ohne_rand-394x550.jpg 394w, https:\/\/test4.mi-backup.ch\/wp-content\/uploads\/2020\/07\/fatima_madonna_ohne_rand-600x838.jpg 600w, https:\/\/test4.mi-backup.ch\/wp-content\/uploads\/2020\/07\/fatima_madonna_ohne_rand.jpg 641w\" sizes=\"(max-width: 225px) 100vw, 225px\" \/>Antwort: \u201aOh, Pater, ich wusste, dass es Unsere Liebe Frau vom Berge Karmel war, denn im September 1917 sagte mir die Gottesmutter, dass sie als Unsere Liebe Frau vom Berge Karmel kommen w\u00fcrde. Ich hatte keinen Zweifel daran, dass ich das sah, was mir die Gottesmutter im Voraus angek\u00fcndigt hatte.\u2018<\/p>\n<p>Frage: \u201aWarum ist die Gottesmutter auf diese Weise gekommen? Was meinte sie damit?\u2018<\/p>\n<p>Antwort: <strong>\u201aSie meinte, dass wir das Skapulier tragen sollen.\u2018<\/strong><\/p>\n<p>Frage: \u201aWoher wissen Sie das?\u2018<\/p>\n<p>Antwort: \u201aPater, ich SAH die Gottesmutter und ich wei\u00df, was sie gemeint hat! H\u00e4tte ich ihre Botschaft falsch interpretiert oder eine andere Idee gehabt, als sie wollte, h\u00e4tte die Gottesmutter \u00fcber das Skapulier gesprochen.\u2018<\/p>\n<p>Um sicher zu gehen, versuchte ich, dieselbe Frage auf verschiedene Weise zu formulieren.<\/p>\n<p>Frage: \u201aIch gehe zur\u00fcck nach Amerika. Jeder in Amerika glaubt, dass es vier Bedingungen der Fatima-Botschaft gibt. Erstens: Wir sollen jeden Tag den Rosenkranz beten. Zweitens: Wir sollen das Opfer des t\u00e4glichen Lebens darbringen. Drittens sollen wir an den ersten Samstagen die S\u00fchnekommunion praktizieren. Und schlie\u00dflich sollen wir uns dem unbefleckten Herzen Mariens weihen.\u2018<\/p>\n<p>Antwort: <strong>\u201aEs gibt noch eine weitere Bedingung \u2013 das Tragen des Skapuliers, des Symbols unserer Weihe.\u2018<\/strong>\u201c (Quelle: <a href=\"https:\/\/fatima.org\/news-views\/todays-feast-a-timely-reminder-the-brown-scapular-is-an-essential-part-of-the-fatima-message\/\" target=\"_blank\" rel=\"noopener noreferrer\">fatima.org<\/a>)<\/p>\n<p>Auch der hl. Maximilian Kolbe \u00e4u\u00dferte sich \u00fcber den Segen des Skapuliers und dar\u00fcber, woher allf\u00e4llige Widerst\u00e4nde, es zu tragen oder zu verbreiten, wohl kommen k\u00f6nnten:<\/p>\n<p>\u201eWenn Sie ein Skapulier \u2026 der heiligen Jungfrau auf der Brust tragen und es mit Dankbarkeit und Ehrfurcht k\u00fcssen, dann erinnert Maria sich an diesen Akt der Ehrfurcht und Liebe und leitet den ganzen Tag \u00fcber Ihre Gedanken und vertreibt ernstere Versuchungen von Ihnen. Sie wird Ihnen im Kampf Kraft geben und Sie vor dem Stolpern bewahren. Und sollten Sie sich jemals f\u00fcr einen Augenblick aus ihren barmherzigen H\u00e4nden winden, sich allein auf sich selbst verlassen und fallen, wird sie Sie rasch aufrichten und Ihr Herz mit einer Reue erf\u00fcllen, die aus Liebe kommt. Sie w\u00fcrde f\u00fcr Sie Vergebung erwirken und das B\u00f6se in ein noch gr\u00f6\u00dferes Gut verwandeln. Wer wird es dann sein, der alles tut, was er kann, um zu verhindern, dass solche Segnungen in Ihre Seele hinabsteigen? Sicherlich weder Gott, noch die Gottesmutter, noch die Heiligen oder Engel. Wer dann wohl?\u201c<\/p>\n<p><img loading=\"lazy\" class=\"size-medium wp-image-3805 alignright\" src=\"https:\/\/test4.mi-backup.ch\/wp-content\/uploads\/2017\/03\/Skapulierflyer_Copy-210x300.jpg\" alt=\"\" width=\"210\" height=\"300\" srcset=\"https:\/\/test4.mi-backup.ch\/wp-content\/uploads\/2017\/03\/Skapulierflyer_Copy-210x300.jpg 210w, https:\/\/test4.mi-backup.ch\/wp-content\/uploads\/2017\/03\/Skapulierflyer_Copy.jpg 270w\" sizes=\"(max-width: 210px) 100vw, 210px\" \/>An dem kommenden Fest Unserer Lieben Frau vom Berge Karmel wollen wir Maria f\u00fcr das m\u00e4chtige und unverdiente Geschenk des Braunen Skapuliers danken. Bekleidet mit ihrem Mantel, diesem Gewand der Gnade, wollen wir uns erneut verpflichten, es immer zu tragen und andere dazu zu bringen, es zu tragen und zu lieben. Indem wir diese Bitte der heiligen Jungfrau erf\u00fcllen, werden wir viel zur Rettung unserer Seele tun (im Masse, in dem wir zur Verbreitung beitragen, auch f\u00fcr das Heil der anderen) und Unsere Liebe Frau von Fatima erfreuen und tr\u00f6sten! Beten wir darum, dass immer mehr Menschen sich auf diese Weise unter ihren Schutzmantel begeben.<\/p>\n<p>&nbsp;<\/p>\n<hr \/>\n<p>Weitere Informationen zum Skapulier sowie Bestellm\u00f6glichkeit finden Sie auf unserer Skapulier-Webseite <a href=\"https:\/\/skapulier.info\" target=\"_blank\" rel=\"noopener noreferrer\">https:\/\/skapulier.info<\/a> oder auch direkt in unserem <a href=\"https:\/\/test4.mi-backup.ch\/de\/shop\/skapulier\/skapulierset\/\">Webshop<\/a>.<\/p>\n<p><a href=\"https:\/\/skapulier.info\" target=\"_blank\" rel=\"noopener\"><img loading=\"lazy\" class=\"alignnone size-medium wp-image-29338\" src=\"https:\/\/test4.mi-backup.ch\/wp-content\/uploads\/2020\/07\/Skapulier_DasLogo.info_-300x68.png\" alt=\"\" width=\"300\" height=\"68\" srcset=\"https:\/\/test4.mi-backup.ch\/wp-content\/uploads\/2020\/07\/Skapulier_DasLogo.info_-300x68.png 300w, https:\/\/test4.mi-backup.ch\/wp-content\/uploads\/2020\/07\/Skapulier_DasLogo.info_-1024x232.png 1024w, https:\/\/test4.mi-backup.ch\/wp-content\/uploads\/2020\/07\/Skapulier_DasLogo.info_-768x174.png 768w, https:\/\/test4.mi-backup.ch\/wp-content\/uploads\/2020\/07\/Skapulier_DasLogo.info_-425x96.png 425w, https:\/\/test4.mi-backup.ch\/wp-content\/uploads\/2020\/07\/Skapulier_DasLogo.info_-600x136.png 600w, https:\/\/test4.mi-backup.ch\/wp-content\/uploads\/2020\/07\/Skapulier_DasLogo.info_.png 1515w\" sizes=\"(max-width: 300px) 100vw, 300px\" \/><\/a><\/p>\n<p>&nbsp;<\/p>\n<p>&nbsp;<\/p>\n","protected":false},"excerpt":{"rendered":"<p>Der Karmeliterpater Howard Rafferty verbreitete in den USA die Botschaft von Fatima. Rafferty unternahm ausgedehnte Reisen, um das Braune Skapulier und Fatima zu f\u00f6rdern. Da es \u00fcber den Zusammenhang von Skapulier und Fatima stets offene Fragen gab, w\u00fcnschte er, dar\u00fcber einmal mit Schwester Lucia von Fatima pers\u00f6nlich zu sprechen. Dies<a class=\"more-link\" href=\"https:\/\/test4.mi-backup.ch\/de\/unsere-liebe-frau-will-dass-wir-ihr-skapulier-tragen\/\">Weiterlesen &rarr;<\/a><\/p>\n","protected":false},"author":9,"featured_media":29346,"comment_status":"closed","ping_status":"closed","sticky":false,"template":"","format":"standard","meta":[],"categories":[1],"tags":[],"_links":{"self":[{"href":"https:\/\/test4.mi-backup.ch\/de\/wp-json\/wp\/v2\/posts\/29305"}],"collection":[{"href":"https:\/\/test4.mi-backup.ch\/de\/wp-json\/wp\/v2\/posts"}],"about":[{"href":"https:\/\/test4.mi-backup.ch\/de\/wp-json\/wp\/v2\/types\/post"}],"author":[{"embeddable":true,"href":"https:\/\/test4.mi-backup.ch\/de\/wp-json\/wp\/v2\/users\/9"}],"replies":[{"embeddable":true,"href":"https:\/\/test4.mi-backup.ch\/de\/wp-json\/wp\/v2\/comments?post=29305"}],"version-history":[{"count":3,"href":"https:\/\/test4.mi-backup.ch\/de\/wp-json\/wp\/v2\/posts\/29305\/revisions"}],"predecessor-version":[{"id":29386,"href":"https:\/\/test4.mi-backup.ch\/de\/wp-json\/wp\/v2\/posts\/29305\/revisions\/29386"}],"wp:featuredmedia":[{"embeddable":true,"href":"https:\/\/test4.mi-backup.ch\/de\/wp-json\/wp\/v2\/media\/29346"}],"wp:attachment":[{"href":"https:\/\/test4.mi-backup.ch\/de\/wp-json\/wp\/v2\/media?parent=29305"}],"wp:term":[{"taxonomy":"category","embeddable":true,"href":"https:\/\/test4.mi-backup.ch\/de\/wp-json\/wp\/v2\/categories?post=29305"},{"taxonomy":"post_tag","embeddable":true,"href":"https:\/\/test4.mi-backup.ch\/de\/wp-json\/wp\/v2\/tags?post=29305"}],"curies":[{"name":"wp","href":"https:\/\/api.w.org\/{rel}","templated":true}]}}