{"id":34460,"date":"2021-01-24T16:27:04","date_gmt":"2021-01-24T15:27:04","guid":{"rendered":"https:\/\/test4.mi-backup.ch\/?p=34460"},"modified":"2021-01-25T17:16:52","modified_gmt":"2021-01-25T16:16:52","slug":"jetzt-anmelden-exerzitien-2021","status":"publish","type":"post","link":"https:\/\/test4.mi-backup.ch\/de\/jetzt-anmelden-exerzitien-2021\/","title":{"rendered":"Jetzt anmelden: Exerzitien 2021"},"content":{"rendered":"<p><a href=\"https:\/\/test4.mi-backup.ch\/wp-content\/uploads\/2021\/01\/kompass_2021_website.pdf\" class=\"broken_link\"><img loading=\"lazy\" class=\"alignright wp-image-34469 size-medium\" src=\"https:\/\/test4.mi-backup.ch\/wp-content\/uploads\/2021\/01\/Bildschirmfoto-2021-01-24-um-16.18.46-148x300.png\" alt=\"\" width=\"148\" height=\"300\" srcset=\"https:\/\/test4.mi-backup.ch\/wp-content\/uploads\/2021\/01\/Bildschirmfoto-2021-01-24-um-16.18.46-148x300.png 148w, https:\/\/test4.mi-backup.ch\/wp-content\/uploads\/2021\/01\/Bildschirmfoto-2021-01-24-um-16.18.46-272x550.png 272w, https:\/\/test4.mi-backup.ch\/wp-content\/uploads\/2021\/01\/Bildschirmfoto-2021-01-24-um-16.18.46.png 352w\" sizes=\"(max-width: 148px) 100vw, 148px\" \/><\/a>Tage der Einkehr, Stille und des Gebetes mit Vortr\u00e4gen und Meditation. Was ein gut ausgew\u00e4hlter Kuraufenthalt f\u00fcr die Gesundheit des Leibes, das bedeuten gut gemachte Exerzitien f\u00fcr die Gesundheit der Seele. Schauen Sie das Angebot an und planen Sie sich diese wichtigen Tage m\u00f6glichst bald ein. Wir hoffen, dass m\u00f6glichst viele<\/p>\n<p>Das ganze Angebot finden Sie hier <a href=\"https:\/\/test4.mi-backup.ch\/wp-content\/uploads\/2021\/01\/kompass_2021_website.pdf\" class=\"broken_link\"><u>in dieser Brosch\u00fcre<\/u><\/a>.<\/p>\n<p>Als grosse Marienverehrer weisen wir besonders auf folgende Exerzitien hin:<\/p>\n<p><strong>In Deutschland:<\/strong><\/p>\n<ul>\n<li>Die Militia Immaculatae-Exerzitien vom 20.05. &#8211; 24.05.21 in Porta Caeli (Lauterbach, Schwarzwald) mit Pater K. Stehlin und Pater H. Trutt<\/li>\n<li>Die Marianischen Exerzitien vom 22.03.-27.03.21 sowie vom 06.12.-11.12.21 mit Pater J. Gr\u00fcn jeweils in Porta Caeli<\/li>\n<\/ul>\n<p><strong>Anmeldung: <\/strong><a href=\"http:\/\/fsspx.de\/de\/anmeldung-zu-exerzitien-3530\" class=\"broken_link\" target=\"_blank\" rel=\"noopener\">Exerzitienwerk Stuttgart<\/a><\/p>\n<p><strong>In der Schweiz:<\/strong><\/p>\n<ul>\n<li>Die Montefortanischen Exerzitien vom 12.04. &#8211; 17.04.2021 und 04.10. &#8211; 09.10.2021 in Enney (Fribourg, Schweiz) mit Pater H. M\u00f6rgeli<\/li>\n<\/ul>\n<p><strong>Anmeldung:<\/strong> <a href=\"https:\/\/fsspx.ch\/de\/domus-dei\" class=\"broken_link\" target=\"_blank\" rel=\"noopener\">Haus Domus Dei, Enney<\/a><\/p>\n<p>&nbsp;<\/p>\n<p>&nbsp;<\/p>\n<p>&nbsp;<\/p>\n","protected":false},"excerpt":{"rendered":"<p>Tage der Einkehr, Stille und des Gebetes mit Vortr\u00e4gen und Meditation. Was ein gut ausgew\u00e4hlter Kuraufenthalt f\u00fcr die Gesundheit des Leibes, das bedeuten gut gemachte Exerzitien f\u00fcr die Gesundheit der Seele. Schauen Sie das Angebot an und planen Sie sich diese wichtigen Tage m\u00f6glichst bald ein. Wir hoffen, dass m\u00f6glichst<a class=\"more-link\" href=\"https:\/\/test4.mi-backup.ch\/de\/jetzt-anmelden-exerzitien-2021\/\">Weiterlesen &rarr;<\/a><\/p>\n","protected":false},"author":217,"featured_media":34485,"comment_status":"closed","ping_status":"closed","sticky":false,"template":"","format":"standard","meta":[],"categories":[1],"tags":[],"_links":{"self":[{"href":"https:\/\/test4.mi-backup.ch\/de\/wp-json\/wp\/v2\/posts\/34460"}],"collection":[{"href":"https:\/\/test4.mi-backup.ch\/de\/wp-json\/wp\/v2\/posts"}],"about":[{"href":"https:\/\/test4.mi-backup.ch\/de\/wp-json\/wp\/v2\/types\/post"}],"author":[{"embeddable":true,"href":"https:\/\/test4.mi-backup.ch\/de\/wp-json\/wp\/v2\/users\/217"}],"replies":[{"embeddable":true,"href":"https:\/\/test4.mi-backup.ch\/de\/wp-json\/wp\/v2\/comments?post=34460"}],"version-history":[{"count":4,"href":"https:\/\/test4.mi-backup.ch\/de\/wp-json\/wp\/v2\/posts\/34460\/revisions"}],"predecessor-version":[{"id":34645,"href":"https:\/\/test4.mi-backup.ch\/de\/wp-json\/wp\/v2\/posts\/34460\/revisions\/34645"}],"wp:featuredmedia":[{"embeddable":true,"href":"https:\/\/test4.mi-backup.ch\/de\/wp-json\/wp\/v2\/media\/34485"}],"wp:attachment":[{"href":"https:\/\/test4.mi-backup.ch\/de\/wp-json\/wp\/v2\/media?parent=34460"}],"wp:term":[{"taxonomy":"category","embeddable":true,"href":"https:\/\/test4.mi-backup.ch\/de\/wp-json\/wp\/v2\/categories?post=34460"},{"taxonomy":"post_tag","embeddable":true,"href":"https:\/\/test4.mi-backup.ch\/de\/wp-json\/wp\/v2\/tags?post=34460"}],"curies":[{"name":"wp","href":"https:\/\/api.w.org\/{rel}","templated":true}]}}