{"id":34842,"date":"2021-02-02T17:25:42","date_gmt":"2021-02-02T16:25:42","guid":{"rendered":"https:\/\/test4.mi-backup.ch\/?p=34842"},"modified":"2021-02-02T20:05:13","modified_gmt":"2021-02-02T19:05:13","slug":"aufruf-zu-einem-gemeinsamen-praktizieren-von-fuenf-suehnesamstagen","status":"publish","type":"post","link":"https:\/\/test4.mi-backup.ch\/de\/aufruf-zu-einem-gemeinsamen-praktizieren-von-fuenf-suehnesamstagen\/","title":{"rendered":"Aufruf zu einem gemeinsamen Praktizieren von f\u00fcnf S\u00fchnesamstagen"},"content":{"rendered":"<p><a href=\"https:\/\/test4.mi-backup.ch\/wp-content\/uploads\/2021\/02\/Tuy_Favorit.jpg\"><img loading=\"lazy\" class=\"alignright wp-image-34843\" src=\"https:\/\/test4.mi-backup.ch\/wp-content\/uploads\/2021\/02\/Tuy_Favorit.jpg\" alt=\"\" width=\"300\" height=\"404\" srcset=\"https:\/\/test4.mi-backup.ch\/wp-content\/uploads\/2021\/02\/Tuy_Favorit.jpg 563w, https:\/\/test4.mi-backup.ch\/wp-content\/uploads\/2021\/02\/Tuy_Favorit-223x300.jpg 223w, https:\/\/test4.mi-backup.ch\/wp-content\/uploads\/2021\/02\/Tuy_Favorit-408x550.jpg 408w\" sizes=\"(max-width: 300px) 100vw, 300px\" \/><\/a>Wir MI-Priester laden Sie alle recht herzlich ein, von <strong>Februar bis Juni<\/strong> gemeinsam die Andacht der f\u00fcnf S\u00fchnesamstage zu halten. Wer sie noch nie gehalten hat, dem sollte es als Ritter der Immaculata ein wahres Anliegen sein, durch diese \u00dcbung den Willen Unserer Lieben Frau von Fatima zu erf\u00fcllen. Wer sie schon einmal oder auch \u00f6fters gehalten hat, der wird davon \u00fcberzeugt sein, dass eine Wiederholung dieser sch\u00f6nen \u00dcbung sicher nicht schadet, allein schon der wertvollen Fr\u00fcchte wegen, die uns dabei zuteilwerden k\u00f6nnen.<\/p>\n<p><strong>Welche Fr\u00fcchte k\u00f6nnen wir durch dieses Werk der liebenden S\u00fchne erlangen? <\/strong><\/p>\n<ol>\n<li>Die Verhei\u00dfung, die f\u00fcr jeden pers\u00f6nlich gilt, der diese Andacht treu \u00fcbt: die Erlangung der n\u00f6tigen Gnaden, um gut zu sterben. Also nichts weniger als das ewige Leben!<\/li>\n<li>Die Bes\u00e4nftigung von Gottes Gerechtigkeit, die die Menschen f\u00fcr all ihre Vergehen streng strafen m\u00fcsste, durch einen Akt der S\u00fchne f\u00fcr die S\u00fcnden gegen das unbefleckte Herz Mariens.<\/li>\n<li>Wir k\u00f6nnen zudem durch die verrichteten Akte einen vollkommenen Ablass oder zumindest einen Teilabla\u00df zur Tilgung unserer S\u00fcndenstrafen oder die anderer Menschen wie auch die der armen Seelen im Fegefeuer gewinnen.<\/li>\n<li>Wir k\u00f6nnen Strafen, welche unseren Nationen wegen so vieler \u00f6ffentlicher S\u00fcnden drohen, abwenden oder mildern, da ein gemeinsam verrichteter S\u00fchneakt eine viel gr\u00f6\u00dfere Wirkung bei Gott hat als ein einzelner pers\u00f6nlicher.<\/li>\n<li>Zudem wird Gott die gemeinsame Bitte um die Rettung vieler Seelen durch diese Andacht sicher gerne erh\u00f6ren, wenn sie aus dem Herzen vieler Ritter aufsteigt. Schlie\u00dflich hat Unsere Liebe Frau von Fatima gesagt, dass viele Seelen verloren gehen, weil niemand da ist, der f\u00fcr sie betet, also k\u00f6nnen wir durch diese Gebete Seele vor der ewigen Verdammnis retten.<\/li>\n<\/ol>\n<p><a href=\"https:\/\/test4.mi-backup.ch\/de\/neue-broschuere-ueber-den-herz-mariae-suehnesamstag\/\"><img loading=\"lazy\" class=\"wp-image-34335 size-medium alignright\" src=\"https:\/\/test4.mi-backup.ch\/wp-content\/uploads\/2021\/01\/Suehnesamstag3-300x203.jpg\" alt=\"\" width=\"300\" height=\"203\" srcset=\"https:\/\/test4.mi-backup.ch\/wp-content\/uploads\/2021\/01\/Suehnesamstag3-300x203.jpg 300w, https:\/\/test4.mi-backup.ch\/wp-content\/uploads\/2021\/01\/Suehnesamstag3-425x288.jpg 425w, https:\/\/test4.mi-backup.ch\/wp-content\/uploads\/2021\/01\/Suehnesamstag3.jpg 600w\" sizes=\"(max-width: 300px) 100vw, 300px\" \/><\/a>Gerne empfehlen wir Ihnen <a href=\"https:\/\/test4.mi-backup.ch\/de\/neue-broschuere-ueber-den-herz-mariae-suehnesamstag\/\">die neue Brosch\u00fcre \u00fcber den S\u00fchnesamstag<\/a>, um diese f\u00fcnf Samstage gut zu praktizieren.<\/p>\n<p>Ihre MI-Priester<\/p>\n<ul>\n<li>Pater Markus Bayer, Schweiz<\/li>\n<li>Pater Stefan Frey, \u00d6sterreich<\/li>\n<li>Pater Helmut Trutt, Deutschland<\/li>\n<\/ul>\n<p><strong>Das sind die Daten der f\u00fcnf S\u00fchnesamstage:<br \/>\n6. Februar, 6. M\u00e4rz, 3. April, 1. Mai, 5. Juni<\/strong><\/p>\n<p>&nbsp;<\/p>\n<p><em>\u201eDas Strafgericht hat l\u00e4ngst begonnen. Der v\u00f6llige Glaubensabfall jenes ganzen Kontinents, von dem aus die V\u00f6lker in aller Welt missioniert wurden, scheint in Sichtweite ger\u00fcckt zu sein, mit allen Folgeerscheinungen. Die entscheidende Frage ist in unseren Tagen: Wie wird sich die noch \u00fcbrig gebliebene kleine Herde verhalten? Wird sie sich mit einem Gewohnheitschristentum in den eigenen vier W\u00e4nden begn\u00fcgen, als ob sie all das, was um sie herum passiert, nichts anginge? Oder wird sie sich zusammenscharen und die Waffe des Gebetes ergreifen, um eine sp\u00e4te Wende in Kirche und Welt von der Barmherzigkeit Gottes zu erflehen? \u2026 Jedes Strafgericht kann entweder verhindert oder abgek\u00fcrzt werden, wenn sich wenigstens eine kleine Herde von \u201eGerechten\u201c findet, die freiwillig S\u00fchne leistet.\u201c<\/em><br \/>\n(Fatima-S\u00fchneandacht zu den vereinten Herzen Jesu und Mariens, Sarto, 2016, S. 14-15)<\/p>\n<p><a href=\"https:\/\/test4.mi-backup.ch\/wp-content\/uploads\/2021\/02\/4_coeur_immacule_marie.jpg\"><img loading=\"lazy\" class=\"alignnone wp-image-34868 size-full\" src=\"https:\/\/test4.mi-backup.ch\/wp-content\/uploads\/2021\/02\/4_coeur_immacule_marie.jpg\" alt=\"\" width=\"800\" height=\"450\" srcset=\"https:\/\/test4.mi-backup.ch\/wp-content\/uploads\/2021\/02\/4_coeur_immacule_marie.jpg 800w, https:\/\/test4.mi-backup.ch\/wp-content\/uploads\/2021\/02\/4_coeur_immacule_marie-300x169.jpg 300w, https:\/\/test4.mi-backup.ch\/wp-content\/uploads\/2021\/02\/4_coeur_immacule_marie-768x432.jpg 768w, https:\/\/test4.mi-backup.ch\/wp-content\/uploads\/2021\/02\/4_coeur_immacule_marie-425x239.jpg 425w, https:\/\/test4.mi-backup.ch\/wp-content\/uploads\/2021\/02\/4_coeur_immacule_marie-600x338.jpg 600w\" sizes=\"(max-width: 800px) 100vw, 800px\" \/><\/a><\/p>\n","protected":false},"excerpt":{"rendered":"<p>Wir MI-Priester laden Sie alle recht herzlich ein, von Februar bis Juni gemeinsam die Andacht der f\u00fcnf S\u00fchnesamstage zu halten. Wer sie noch nie gehalten hat, dem sollte es als Ritter der Immaculata ein wahres Anliegen sein, durch diese \u00dcbung den Willen Unserer Lieben Frau von Fatima zu erf\u00fcllen. Wer<a class=\"more-link\" href=\"https:\/\/test4.mi-backup.ch\/de\/aufruf-zu-einem-gemeinsamen-praktizieren-von-fuenf-suehnesamstagen\/\">Weiterlesen &rarr;<\/a><\/p>\n","protected":false},"author":9,"featured_media":34860,"comment_status":"closed","ping_status":"closed","sticky":false,"template":"","format":"standard","meta":[],"categories":[1],"tags":[],"_links":{"self":[{"href":"https:\/\/test4.mi-backup.ch\/de\/wp-json\/wp\/v2\/posts\/34842"}],"collection":[{"href":"https:\/\/test4.mi-backup.ch\/de\/wp-json\/wp\/v2\/posts"}],"about":[{"href":"https:\/\/test4.mi-backup.ch\/de\/wp-json\/wp\/v2\/types\/post"}],"author":[{"embeddable":true,"href":"https:\/\/test4.mi-backup.ch\/de\/wp-json\/wp\/v2\/users\/9"}],"replies":[{"embeddable":true,"href":"https:\/\/test4.mi-backup.ch\/de\/wp-json\/wp\/v2\/comments?post=34842"}],"version-history":[{"count":4,"href":"https:\/\/test4.mi-backup.ch\/de\/wp-json\/wp\/v2\/posts\/34842\/revisions"}],"predecessor-version":[{"id":34898,"href":"https:\/\/test4.mi-backup.ch\/de\/wp-json\/wp\/v2\/posts\/34842\/revisions\/34898"}],"wp:featuredmedia":[{"embeddable":true,"href":"https:\/\/test4.mi-backup.ch\/de\/wp-json\/wp\/v2\/media\/34860"}],"wp:attachment":[{"href":"https:\/\/test4.mi-backup.ch\/de\/wp-json\/wp\/v2\/media?parent=34842"}],"wp:term":[{"taxonomy":"category","embeddable":true,"href":"https:\/\/test4.mi-backup.ch\/de\/wp-json\/wp\/v2\/categories?post=34842"},{"taxonomy":"post_tag","embeddable":true,"href":"https:\/\/test4.mi-backup.ch\/de\/wp-json\/wp\/v2\/tags?post=34842"}],"curies":[{"name":"wp","href":"https:\/\/api.w.org\/{rel}","templated":true}]}}