{"id":35326,"date":"2021-02-15T12:06:17","date_gmt":"2021-02-15T11:06:17","guid":{"rendered":"https:\/\/test4.mi-backup.ch\/?p=35326"},"modified":"2021-02-15T12:13:46","modified_gmt":"2021-02-15T11:13:46","slug":"wozu-muessen-wir-suehne-leisten-was-heisst-es-fuer-das-heil-der-seelen-suehnen","status":"publish","type":"post","link":"https:\/\/test4.mi-backup.ch\/de\/wozu-muessen-wir-suehne-leisten-was-heisst-es-fuer-das-heil-der-seelen-suehnen\/","title":{"rendered":"Wozu m\u00fcssen wir S\u00fchne leisten? Was hei\u00dft es, f\u00fcr das Heil der Seelen s\u00fchnen?"},"content":{"rendered":"<p>In der Predigt vom Sonntag, 14. Februar erkl\u00e4rt H. H. Pater Andreas Jeindl, was es heisst, S\u00fchne zu leisten und warum wir S\u00fchne leisten sollen. <a href=\"https:\/\/test4.mi-backup.ch\/de\/shop\/fatima\/herz-mariae-suehnesamstag\/\"><img loading=\"lazy\" class=\"alignright wp-image-34335\" src=\"https:\/\/test4.mi-backup.ch\/wp-content\/uploads\/2021\/01\/Suehnesamstag3.jpg\" alt=\"\" width=\"250\" height=\"169\" srcset=\"https:\/\/test4.mi-backup.ch\/wp-content\/uploads\/2021\/01\/Suehnesamstag3.jpg 600w, https:\/\/test4.mi-backup.ch\/wp-content\/uploads\/2021\/01\/Suehnesamstag3-300x203.jpg 300w, https:\/\/test4.mi-backup.ch\/wp-content\/uploads\/2021\/01\/Suehnesamstag3-425x288.jpg 425w\" sizes=\"(max-width: 250px) 100vw, 250px\" \/><\/a><\/p>\n<p>Am Ende der Predigt (bei min 10:30) verweist er zudem auf die neue Brosch\u00fcre \u00fcber die Herz-Mari\u00e4-S\u00fchnesamstage, welche Sie hier bestellen k\u00f6nnen: <a href=\"https:\/\/test4.mi-backup.ch\/de\/shop\/fatima\/herz-mariae-suehnesamstag\/\">Brosch\u00fcre Herz-Mari\u00e4-S\u00fchnesamstag<\/a><\/p>\n<p>Weiteres zum Thema Busse und S\u00fchne finden Sie in der <a href=\"https:\/\/test4.mi-backup.ch\/de\/neue-ausgabe-des-ritters-ist-da-hauptthema-busse-suehne\/\">neusten Ausgabe unserer Ritter-Zeitschrift<\/a>.<\/p>\n<p><strong>H\u00f6ren\/Sehen Sie hier also nun die Predigt:<\/strong><\/p>\n<p><iframe loading=\"lazy\" src=\"https:\/\/www.youtube.com\/embed\/Sg0lUmtRed4\" width=\"560\" height=\"315\" frameborder=\"0\" allowfullscreen=\"allowfullscreen\"><\/iframe><\/p>\n<p>&nbsp;<\/p>\n","protected":false},"excerpt":{"rendered":"<p>In der Predigt vom Sonntag, 14. Februar erkl\u00e4rt H. H. Pater Andreas Jeindl, was es heisst, S\u00fchne zu leisten und warum wir S\u00fchne leisten sollen. Am Ende der Predigt (bei min 10:30) verweist er zudem auf die neue Brosch\u00fcre \u00fcber die Herz-Mari\u00e4-S\u00fchnesamstage, welche Sie hier bestellen k\u00f6nnen: Brosch\u00fcre Herz-Mari\u00e4-S\u00fchnesamstag Weiteres<a class=\"more-link\" href=\"https:\/\/test4.mi-backup.ch\/de\/wozu-muessen-wir-suehne-leisten-was-heisst-es-fuer-das-heil-der-seelen-suehnen\/\">Weiterlesen &rarr;<\/a><\/p>\n","protected":false},"author":9,"featured_media":35327,"comment_status":"closed","ping_status":"closed","sticky":false,"template":"","format":"standard","meta":[],"categories":[1],"tags":[],"_links":{"self":[{"href":"https:\/\/test4.mi-backup.ch\/de\/wp-json\/wp\/v2\/posts\/35326"}],"collection":[{"href":"https:\/\/test4.mi-backup.ch\/de\/wp-json\/wp\/v2\/posts"}],"about":[{"href":"https:\/\/test4.mi-backup.ch\/de\/wp-json\/wp\/v2\/types\/post"}],"author":[{"embeddable":true,"href":"https:\/\/test4.mi-backup.ch\/de\/wp-json\/wp\/v2\/users\/9"}],"replies":[{"embeddable":true,"href":"https:\/\/test4.mi-backup.ch\/de\/wp-json\/wp\/v2\/comments?post=35326"}],"version-history":[{"count":5,"href":"https:\/\/test4.mi-backup.ch\/de\/wp-json\/wp\/v2\/posts\/35326\/revisions"}],"predecessor-version":[{"id":35339,"href":"https:\/\/test4.mi-backup.ch\/de\/wp-json\/wp\/v2\/posts\/35326\/revisions\/35339"}],"wp:featuredmedia":[{"embeddable":true,"href":"https:\/\/test4.mi-backup.ch\/de\/wp-json\/wp\/v2\/media\/35327"}],"wp:attachment":[{"href":"https:\/\/test4.mi-backup.ch\/de\/wp-json\/wp\/v2\/media?parent=35326"}],"wp:term":[{"taxonomy":"category","embeddable":true,"href":"https:\/\/test4.mi-backup.ch\/de\/wp-json\/wp\/v2\/categories?post=35326"},{"taxonomy":"post_tag","embeddable":true,"href":"https:\/\/test4.mi-backup.ch\/de\/wp-json\/wp\/v2\/tags?post=35326"}],"curies":[{"name":"wp","href":"https:\/\/api.w.org\/{rel}","templated":true}]}}