{"id":54879,"date":"2022-03-09T10:19:45","date_gmt":"2022-03-09T09:19:45","guid":{"rendered":"https:\/\/test4.mi-backup.ch\/?p=54879"},"modified":"2022-03-09T10:47:07","modified_gmt":"2022-03-09T09:47:07","slug":"christ-im-beruf-mit-dem-lokfuehrer-benjamin-aepli","status":"publish","type":"post","link":"https:\/\/test4.mi-backup.ch\/de\/christ-im-beruf-mit-dem-lokfuehrer-benjamin-aepli\/","title":{"rendered":"Christ im Beruf &#8211; mit dem Lokf\u00fchrer Benjamin Aepli"},"content":{"rendered":"<p><a href=\"https:\/\/test4.mi-backup.ch\/wp-content\/uploads\/2022\/03\/benjamin_apeli_3_web.jpg\"><img loading=\"lazy\" class=\"wp-image-54920 alignleft\" src=\"https:\/\/test4.mi-backup.ch\/wp-content\/uploads\/2022\/03\/benjamin_apeli_3_web.jpg\" alt=\"\" width=\"250\" height=\"164\" srcset=\"https:\/\/test4.mi-backup.ch\/wp-content\/uploads\/2022\/03\/benjamin_apeli_3_web.jpg 1438w, https:\/\/test4.mi-backup.ch\/wp-content\/uploads\/2022\/03\/benjamin_apeli_3_web-300x197.jpg 300w, https:\/\/test4.mi-backup.ch\/wp-content\/uploads\/2022\/03\/benjamin_apeli_3_web-1024x674.jpg 1024w, https:\/\/test4.mi-backup.ch\/wp-content\/uploads\/2022\/03\/benjamin_apeli_3_web-768x505.jpg 768w, https:\/\/test4.mi-backup.ch\/wp-content\/uploads\/2022\/03\/benjamin_apeli_3_web-425x280.jpg 425w, https:\/\/test4.mi-backup.ch\/wp-content\/uploads\/2022\/03\/benjamin_apeli_3_web-600x395.jpg 600w\" sizes=\"(max-width: 250px) 100vw, 250px\" \/><\/a>Unter dem Thema &#8220;Christ im Beruf&#8221; strahlte Radio Maria (<a href=\"https:\/\/radiomaria.ch\" target=\"_blank\" rel=\"noopener\">https:\/\/radiomaria.ch<\/a>) in der Schweiz am Di, 8.3.22 ein Gespr\u00e4ch aus mit Benjamin Aepli, hauptberuflich Lokf\u00fchrer und nebenbei Gesch\u00e4ftsf\u00fchrer der Militia Immaculatae in der Schweiz. Das Gespr\u00e4ch ist auf Schweizerdeutsch. Gerne stellen wir Ihnen diese Aufzeichnung hier zum Nachh\u00f6ren zur Verf\u00fcgung, die Originalausstrahlung ist unter folgendem Link zu finden: <a href=\"https:\/\/www.radiomaria.ch\/podcasts?info=202203081755&amp;title=De-Abig-uf-Radio-Maria\" target=\"_blank\" rel=\"noopener\" class=\"broken_link\">radiomaria.ch<\/a><\/p>\n<p>Im ersten Teil geht es vor allem um das Christsein im Beruf, im zweiten Teil wird auch die Militia Immaculatae und seine Arbeit dort vorgestellt.<\/p>\n<p>Er f\u00e4hrt Z\u00fcge der Regionalbahn Thurbo, aber auch den &#8220;Bombardier&#8221; der SBB nach Chur &#8211; den mag er besonders gerne.<\/p>\n<div>\n<p>Was fasziniert ihn an seiner Arbeit? Und wie geht er mit Zeitdruck um? Benjamin Aepli ist verheiratet und achtfacher Familienvater.<\/p>\n<h3>Zum Nachh\u00f6ren<\/h3>\n<p>Sendung vom 8.3.22 17:55 Uhr, Radio Maria, Schweiz, Sprache: Schweizerdeutsch<\/p>\n<\/div>\n<!--[if lt IE 9]><script>document.createElement('audio');<\/script><![endif]-->\n<audio class=\"wp-audio-shortcode\" id=\"audio-54879-1\" preload=\"none\" style=\"width: 100%;\" controls=\"controls\"><source type=\"audio\/mpeg\" src=\"https:\/\/test4.mi-backup.ch\/wp-content\/uploads\/2022\/03\/radio_maria_202203081755.mp3?_=1\" \/><a href=\"https:\/\/test4.mi-backup.ch\/wp-content\/uploads\/2022\/03\/radio_maria_202203081755.mp3\">https:\/\/test4.mi-backup.ch\/wp-content\/uploads\/2022\/03\/radio_maria_202203081755.mp3<\/a><\/audio>\n<div>\n<p>&nbsp;<\/p>\n<p><img loading=\"lazy\" class=\"alignnone wp-image-54912\" src=\"https:\/\/test4.mi-backup.ch\/wp-content\/uploads\/2022\/03\/sbbpixabay.jpg\" alt=\"\" width=\"800\" height=\"538\" srcset=\"https:\/\/test4.mi-backup.ch\/wp-content\/uploads\/2022\/03\/sbbpixabay.jpg 850w, https:\/\/test4.mi-backup.ch\/wp-content\/uploads\/2022\/03\/sbbpixabay-300x202.jpg 300w, https:\/\/test4.mi-backup.ch\/wp-content\/uploads\/2022\/03\/sbbpixabay-768x517.jpg 768w, https:\/\/test4.mi-backup.ch\/wp-content\/uploads\/2022\/03\/sbbpixabay-425x286.jpg 425w, https:\/\/test4.mi-backup.ch\/wp-content\/uploads\/2022\/03\/sbbpixabay-600x404.jpg 600w\" sizes=\"(max-width: 800px) 100vw, 800px\" \/><\/p>\n<\/div>\n","protected":false},"excerpt":{"rendered":"<p>Unter dem Thema &#8220;Christ im Beruf&#8221; strahlte Radio Maria (https:\/\/radiomaria.ch) in der Schweiz am Di, 8.3.22 ein Gespr\u00e4ch aus mit Benjamin Aepli, hauptberuflich Lokf\u00fchrer und nebenbei Gesch\u00e4ftsf\u00fchrer der Militia Immaculatae in der Schweiz. Das Gespr\u00e4ch ist auf Schweizerdeutsch. Gerne stellen wir Ihnen diese Aufzeichnung hier zum Nachh\u00f6ren zur Verf\u00fcgung, die<a class=\"more-link\" href=\"https:\/\/test4.mi-backup.ch\/de\/christ-im-beruf-mit-dem-lokfuehrer-benjamin-aepli\/\">Weiterlesen &rarr;<\/a><\/p>\n","protected":false},"author":9,"featured_media":54888,"comment_status":"closed","ping_status":"closed","sticky":false,"template":"","format":"standard","meta":[],"categories":[1],"tags":[],"_links":{"self":[{"href":"https:\/\/test4.mi-backup.ch\/de\/wp-json\/wp\/v2\/posts\/54879"}],"collection":[{"href":"https:\/\/test4.mi-backup.ch\/de\/wp-json\/wp\/v2\/posts"}],"about":[{"href":"https:\/\/test4.mi-backup.ch\/de\/wp-json\/wp\/v2\/types\/post"}],"author":[{"embeddable":true,"href":"https:\/\/test4.mi-backup.ch\/de\/wp-json\/wp\/v2\/users\/9"}],"replies":[{"embeddable":true,"href":"https:\/\/test4.mi-backup.ch\/de\/wp-json\/wp\/v2\/comments?post=54879"}],"version-history":[{"count":6,"href":"https:\/\/test4.mi-backup.ch\/de\/wp-json\/wp\/v2\/posts\/54879\/revisions"}],"predecessor-version":[{"id":54933,"href":"https:\/\/test4.mi-backup.ch\/de\/wp-json\/wp\/v2\/posts\/54879\/revisions\/54933"}],"wp:featuredmedia":[{"embeddable":true,"href":"https:\/\/test4.mi-backup.ch\/de\/wp-json\/wp\/v2\/media\/54888"}],"wp:attachment":[{"href":"https:\/\/test4.mi-backup.ch\/de\/wp-json\/wp\/v2\/media?parent=54879"}],"wp:term":[{"taxonomy":"category","embeddable":true,"href":"https:\/\/test4.mi-backup.ch\/de\/wp-json\/wp\/v2\/categories?post=54879"},{"taxonomy":"post_tag","embeddable":true,"href":"https:\/\/test4.mi-backup.ch\/de\/wp-json\/wp\/v2\/tags?post=54879"}],"curies":[{"name":"wp","href":"https:\/\/api.w.org\/{rel}","templated":true}]}}