{"id":55171,"date":"2022-03-11T15:43:08","date_gmt":"2022-03-11T14:43:08","guid":{"rendered":"https:\/\/test4.mi-backup.ch\/?p=55171"},"modified":"2022-03-11T16:00:58","modified_gmt":"2022-03-11T15:00:58","slug":"krieg-in-europa-was-koennen-wir-tun-antwort-fatima","status":"publish","type":"post","link":"https:\/\/test4.mi-backup.ch\/de\/krieg-in-europa-was-koennen-wir-tun-antwort-fatima\/","title":{"rendered":"Krieg in Europa &#8211; was k\u00f6nnen wir tun? Die Antwort aus Fatima"},"content":{"rendered":"<p>Predigt von Pater Stefan Frey vom 27.02.2022 anl\u00e4sslich des Krieges in der Ukraine.<\/p>\n<p>Wir sind ersch\u00fcttert \u00fcber den Ausbruch des Krieges in der Ukraine und fragen uns: Was k\u00f6nnen wir tun? Was ist von uns Katholiken gefordert? Die Antwort m\u00fcssen wir in Fatima suchen: Dort hat uns die Gottesmutter schon im Jahr 1917 gesagt, was wir zum Frieden beitragen k\u00f6nnen: Gebet und Opfer f\u00fcr die Bekehrung der S\u00fcnder! H\u00e4tte man damals ihre W\u00fcnsche erf\u00fcllt, w\u00e4re der Menschheit der 2. Weltkrieg erspart geblieben. Wir sollten aus der Geschichte gelernt haben! Beten wir t\u00e4glich den Rosenkranz f\u00fcr den Frieden in der Welt und bringen wir Opfer als S\u00fchneleistung, ganz besonders nun in der Fastenzeit.<\/p>\n<p><iframe loading=\"lazy\" title=\"YouTube video player\" src=\"https:\/\/www.youtube.com\/embed\/8Ied2LUHxAw\" width=\"1280\" height=\"720\" frameborder=\"0\" allowfullscreen=\"allowfullscreen\"><\/iframe><\/p>\n<p>Weiterf\u00fchrende Links zu den erw\u00e4hnten Themen in der Predigt:<\/p>\n<ul>\n<li>Rosenkranzgebet: <a href=\"https:\/\/rosenkranzgebet.info\" target=\"_blank\" rel=\"noopener\">https:\/\/rosenkranzgebet.info<\/a><\/li>\n<li>Herz-Mari\u00e4-S\u00fchensamstag: <a href=\"https:\/\/suehnesamstag.info\" target=\"_blank\" rel=\"noopener\">https:\/\/suehnesamstag.info<\/a><\/li>\n<li>\u00f6ffentliches Rosenkranzgebet in verschiedenen L\u00e4ndern:\n<ul>\n<li>DE: <a href=\"https:\/\/deutschland-betet-rosenkranz.de\" target=\"_blank\" rel=\"noopener\">https:\/\/deutschland-betet-rosenkranz.de<\/a><\/li>\n<li>AT: <a href=\"https:\/\/oesterreich-betet.at\" target=\"_blank\" rel=\"noopener\">https:\/\/oesterreich-betet.at<\/a><\/li>\n<li>CH: <a href=\"https:\/\/die-schweiz-betet.ch\" target=\"_blank\" rel=\"noopener\">https:\/\/die-schweiz-betet.ch<\/a><\/li>\n<li>alle L\u00e4nder: <a href=\"https:\/\/public-rosary.org\/\" target=\"_blank\" rel=\"noopener\">https:\/\/public-rosary.org\/<\/a><\/li>\n<\/ul>\n<\/li>\n<\/ul>\n","protected":false},"excerpt":{"rendered":"<p>Predigt von Pater Stefan Frey vom 27.02.2022 anl\u00e4sslich des Krieges in der Ukraine. Wir sind ersch\u00fcttert \u00fcber den Ausbruch des Krieges in der Ukraine und fragen uns: Was k\u00f6nnen wir tun? Was ist von uns Katholiken gefordert? Die Antwort m\u00fcssen wir in Fatima suchen: Dort hat uns die Gottesmutter schon<a class=\"more-link\" href=\"https:\/\/test4.mi-backup.ch\/de\/krieg-in-europa-was-koennen-wir-tun-antwort-fatima\/\">Weiterlesen &rarr;<\/a><\/p>\n","protected":false},"author":9,"featured_media":55172,"comment_status":"closed","ping_status":"closed","sticky":false,"template":"","format":"standard","meta":[],"categories":[1],"tags":[],"_links":{"self":[{"href":"https:\/\/test4.mi-backup.ch\/de\/wp-json\/wp\/v2\/posts\/55171"}],"collection":[{"href":"https:\/\/test4.mi-backup.ch\/de\/wp-json\/wp\/v2\/posts"}],"about":[{"href":"https:\/\/test4.mi-backup.ch\/de\/wp-json\/wp\/v2\/types\/post"}],"author":[{"embeddable":true,"href":"https:\/\/test4.mi-backup.ch\/de\/wp-json\/wp\/v2\/users\/9"}],"replies":[{"embeddable":true,"href":"https:\/\/test4.mi-backup.ch\/de\/wp-json\/wp\/v2\/comments?post=55171"}],"version-history":[{"count":2,"href":"https:\/\/test4.mi-backup.ch\/de\/wp-json\/wp\/v2\/posts\/55171\/revisions"}],"predecessor-version":[{"id":55185,"href":"https:\/\/test4.mi-backup.ch\/de\/wp-json\/wp\/v2\/posts\/55171\/revisions\/55185"}],"wp:featuredmedia":[{"embeddable":true,"href":"https:\/\/test4.mi-backup.ch\/de\/wp-json\/wp\/v2\/media\/55172"}],"wp:attachment":[{"href":"https:\/\/test4.mi-backup.ch\/de\/wp-json\/wp\/v2\/media?parent=55171"}],"wp:term":[{"taxonomy":"category","embeddable":true,"href":"https:\/\/test4.mi-backup.ch\/de\/wp-json\/wp\/v2\/categories?post=55171"},{"taxonomy":"post_tag","embeddable":true,"href":"https:\/\/test4.mi-backup.ch\/de\/wp-json\/wp\/v2\/tags?post=55171"}],"curies":[{"name":"wp","href":"https:\/\/api.w.org\/{rel}","templated":true}]}}