{"id":62036,"date":"2022-05-31T09:46:10","date_gmt":"2022-05-31T07:46:10","guid":{"rendered":"https:\/\/test4.mi-backup.ch\/die-beichte-im-geiste-der-suehne-eine-der-vier-elemente-des-suehnesamstags-copy\/"},"modified":"2022-06-01T13:37:08","modified_gmt":"2022-06-01T11:37:08","slug":"die-betrachtung-ein-weiteres-element-der-suehneandacht","status":"publish","type":"post","link":"https:\/\/test4.mi-backup.ch\/de\/die-betrachtung-ein-weiteres-element-der-suehneandacht\/","title":{"rendered":"Die Betrachtung \u2013 ein weiteres Element der S\u00fchneandacht"},"content":{"rendered":"<figure id=\"attachment_57715\" aria-describedby=\"caption-attachment-57715\" style=\"width: 261px\" class=\"wp-caption alignright\"><a href=\"https:\/\/suehnesamstag.info\" target=\"_blank\" rel=\"noopener\"><img loading=\"lazy\" class=\"wp-image-57715\" src=\"https:\/\/test4.mi-backup.ch\/wp-content\/uploads\/2022\/03\/202104_suehnesamstag_webseite_vorschau-425x2661-1.jpg\" alt=\"\" width=\"261\" height=\"163\" srcset=\"https:\/\/test4.mi-backup.ch\/wp-content\/uploads\/2022\/03\/202104_suehnesamstag_webseite_vorschau-425x2661-1.jpg 425w, https:\/\/test4.mi-backup.ch\/wp-content\/uploads\/2022\/03\/202104_suehnesamstag_webseite_vorschau-425x2661-1-300x188.jpg 300w\" sizes=\"(max-width: 261px) 100vw, 261px\" \/><\/a><figcaption id=\"caption-attachment-57715\" class=\"wp-caption-text\">https:\/\/suehnesamstag.info<\/figcaption><\/figure>\n<p>Neben der Weihe Russlands an ihr Unbeflecktes Herz hat Unsere Liebe Frau von Fatima auch die <strong>S\u00fchneandacht am ersten Samstag des Monats<\/strong> gefordert. Diese sollte nach ihrem Wunsch <strong>offiziell vom Papst eingef\u00fchrt und verbreitet werden<\/strong>, was bisher noch nicht geschah. Umso mehr wollen wir diese Andacht praktizieren und verbreiten. Weitere Informationen dar\u00fcber finden Sie unter <a href=\"https:\/\/suehnesamstag.info\/\" target=\"_blank\" rel=\"noopener\">https:\/\/suehnesamstag.info\/<\/a><\/p>\n<p>Es folgt ein Text \u00fcber eine der vier mit der <strong>S\u00fchneandacht<\/strong> geforderten Elemente, die Betrachtung. Der Text ist von Pater Karl Stehlin aus dem Buch &#8220;Fatima &#8211; Leitstern f\u00fcr die letzten Zeiten Bd. 2&#8221; (erh\u00e4ltlich beim <a href=\"https:\/\/www.sarto.de\/fatima-leitstern-fur-die-letzten-zeiten-bd-2\" target=\"_blank\" rel=\"noopener\">Sarto-Verlag<\/a> und beim <a href=\"https:\/\/www.alverna.ch\/b%C3%BCcher\/spiritualitaet\/fatima-leitstern-f%C3%BCr-die-letzten-zeiten-bd-2-detail.html\" target=\"_blank\" rel=\"noopener\" class=\"broken_link\">Alverna-Verlag<\/a> f\u00fcr die Schweiz):<\/p>\n<p><a href=\"https:\/\/test4.mi-backup.ch\/wp-content\/uploads\/2022\/05\/Tuy-1.png\"><img loading=\"lazy\" class=\"wp-image-62038 alignleft\" src=\"https:\/\/test4.mi-backup.ch\/wp-content\/uploads\/2022\/05\/Tuy-1.png\" alt=\"\" width=\"250\" height=\"393\" srcset=\"https:\/\/test4.mi-backup.ch\/wp-content\/uploads\/2022\/05\/Tuy-1.png 474w, https:\/\/test4.mi-backup.ch\/wp-content\/uploads\/2022\/05\/Tuy-1-191x300.png 191w, https:\/\/test4.mi-backup.ch\/wp-content\/uploads\/2022\/05\/Tuy-1-349x550.png 349w\" sizes=\"(max-width: 250px) 100vw, 250px\" \/><\/a>Es ist sehr interessant, dass der dritte wesentliche Aspekt dieser Andacht das ist, was wir <strong>inneres Gebet<\/strong> nennen. Wir werden weiter unten lesen, wie Sr. Lucia diese Andachts\u00fcbung verstand, die nach dem Empfang der Sakramente das Wichtigste ist. Durch die Betrachtung k\u00f6nnen wir erst beginnen, fruchtbringend \u00fcber die Geheimnisse des Glaubens nachzudenken, sie zu analysieren, die Gr\u00fcnde und wichtigen Gegebenheiten dieser Geheimnisse zu verstehen. Es macht unser Gebet intelligent in dem Sinn, dass wir die Worte \u201evon innen lesen\u201c (intellegere kommt von intus legere) und die heiligen Geheimnisse erfassen, welche diese darstellen. Gem\u00e4\u00df allen Lehrern des geistlichen Lebens kann man Gott ohne diese Form des Gebets nicht nahe kommen. Wenn ein Kind mit seinen Eltern nur durch auswendig gelernte Worte, ohne nachzudenken oder ohne Besinnung spricht, gibt es offensichtlich einen Mangel an Vertrautheit und Kindesliebe. Rein \u00e4u\u00dferliche Verehrung des unbefleckten Herzens ist nach den Worten unseres Herrn sehr \u201eklein\u201c. Die Andacht muss hingegen diese meditative Form des Gebetes beinhalten, die sogar fromme Katholiken oft \u00fcbersehen.<\/p>\n<p>Die Immaculata selbst erscheint als eine Mutter, die ihre Kinder das Beten lehrt, und sie hebt hervor, welche Gebete f\u00fcr den geistigen Fortschritt und die innerliche Vereinigung mit Gott unabdingbar sind. Ebenso erw\u00e4hnenswert ist, wie Unsere Liebe Frau auf die Dauer des betrachtenden Gebets hinweist, indem sie 15 Minuten fordert. Sie erkl\u00e4rt, dass der Grund f\u00fcr diese Zeitspanne in der Ehrung der 15 Rosenkranzgeheimnisse liegt. Weil Unsere Liebe Frau die drohende Weltkrise voraussah, wollte sie in Fatima viele Jahre zuvor auf diskrete Weise Hilfsmittel daf\u00fcr geben. Durch diese Mittel bekr\u00e4ftigte sie, dass die Andacht des heiligen Rosenkranzes in der Betrachtung der 15 Geheimnisse besteht, nicht mehr und nicht weniger. Vielleicht wollte sie auch daf\u00fcr sorgen, dass dieses etwas schwierige Gebet leichter von den Gl\u00e4ubigen angenommen w\u00fcrde, die von einer langen Dauer abgeschreckt werden k\u00f6nnten. Wir sollten uns auch selbst fragen, welche Dinge wir in einem Zeitrahmen von 15 Minuten in unserem t\u00e4glichen Leben tun k\u00f6nnen. Wenn wir viele routinem\u00e4\u00dfige Besch\u00e4ftigungen des t\u00e4glichen Lebens durchgehen \u2013 die Zeit, die wir brauchen um aufzustehen, uns zu waschen und anzukleiden, zu fr\u00fchst\u00fccken oder Kaffee zu trinken, die Pause zwischen den Schulstunden \u2013 w\u00fcrden wir uns wundern, herauszufinden, dass jede dieser Besch\u00e4ftigungen ungef\u00e4hr eine Viertelstunde in Anspruch nimmt. Auf der geistigen Stufe \u2013 die durchschnittliche Dauer einer Predigt oder einer Katechismusstunde f\u00fcr Erwachsene, die Danksagung nach der heiligen Kommunion, die gemeinsame Rezitation der Laudes und der Vesper und der Gesang der Vesper \u2013 alle diese Dinge nehmen ebenfalls normalerweise ungef\u00e4hr 15 Minuten in Anspruch.<\/p>\n<p><a href=\"https:\/\/test4.mi-backup.ch\/wp-content\/uploads\/2022\/05\/IMG_4457-scaled-1.jpg\"><img loading=\"lazy\" class=\"alignright wp-image-62046\" src=\"https:\/\/test4.mi-backup.ch\/wp-content\/uploads\/2022\/05\/IMG_4457-scaled-1-1024x683.jpg\" alt=\"\" width=\"261\" height=\"174\" srcset=\"https:\/\/test4.mi-backup.ch\/wp-content\/uploads\/2022\/05\/IMG_4457-scaled-1-1024x683.jpg 1024w, https:\/\/test4.mi-backup.ch\/wp-content\/uploads\/2022\/05\/IMG_4457-scaled-1-300x200.jpg 300w, https:\/\/test4.mi-backup.ch\/wp-content\/uploads\/2022\/05\/IMG_4457-scaled-1-768x512.jpg 768w, https:\/\/test4.mi-backup.ch\/wp-content\/uploads\/2022\/05\/IMG_4457-scaled-1-1536x1024.jpg 1536w, https:\/\/test4.mi-backup.ch\/wp-content\/uploads\/2022\/05\/IMG_4457-scaled-1-2048x1366.jpg 2048w, https:\/\/test4.mi-backup.ch\/wp-content\/uploads\/2022\/05\/IMG_4457-scaled-1-425x283.jpg 425w, https:\/\/test4.mi-backup.ch\/wp-content\/uploads\/2022\/05\/IMG_4457-scaled-1-600x400.jpg 600w\" sizes=\"(max-width: 261px) 100vw, 261px\" \/><\/a>Vielleicht wollte uns Unsere Liebe Frau dazu ermutigen, \u00fcber eine bessere Nutzung jeder dieser 15 Minuten-Sequenzen w\u00e4hrend des Tages nachzudenken? Warum sollten wir nicht jede Minute im Geist der S\u00fchne und der Tr\u00f6stung neu beleben? Warum nicht aus diesen Zeitabschnitten eine Betrachtung \u00fcber ein Rosenkranzgeheimnis machen, wie zum Beispiel das Leben unseres Herrn oder Unserer Lieben Frau? Die ersten 15 Minuten des Tages k\u00f6nnten dem unbefleckten Herzen als Trost aufgeopfert werden, und das Abendgebet in der gleichen Intention dargebracht werden, wie das Gebet, mit der die heilige Familie in Nazareth den Tag abschloss. Was auch immer ihr genaues Ziel dieser 15 Minuten\u2013Sequenz sein mag, sicher ist, dass die Zeitspanne von 15 Minuten eine wichtige Bedeutung in unserem t\u00e4glichen Stundenplan einnimmt. Dem \u00e4hnlich sind die 15 Minuten der Betrachtung in unserem geistigen Leben bedeutungsvoll, um jeden Tag durch den Gegenstand unserer Betrachtung zu erhellen.<\/p>\n<p>Mit anderen Worten, eine 15-min\u00fctige Betrachtung hat die himmlische Kraft, den ganzen Tag zu heiligen und uns an die Gegenwart und den Schutz unseres Herrn und Unserer Lieben Frau zu erinnern.<\/p>\n<h3>Betrachtungshilfe<\/h3>\n<p><a href=\"https:\/\/test4.mi-backup.ch\/de\/shop\/fatima\/herz-mariae-suehnesamstag\/\"><img loading=\"lazy\" class=\"alignleft wp-image-34335\" src=\"https:\/\/test4.mi-backup.ch\/wp-content\/uploads\/2021\/01\/Suehnesamstag3.jpg\" alt=\"\" width=\"250\" height=\"169\" srcset=\"https:\/\/test4.mi-backup.ch\/wp-content\/uploads\/2021\/01\/Suehnesamstag3.jpg 600w, https:\/\/test4.mi-backup.ch\/wp-content\/uploads\/2021\/01\/Suehnesamstag3-300x203.jpg 300w, https:\/\/test4.mi-backup.ch\/wp-content\/uploads\/2021\/01\/Suehnesamstag3-425x288.jpg 425w\" sizes=\"(max-width: 250px) 100vw, 250px\" \/><\/a>Gerne empfehlen wir Ihnen unsere Brorsch\u00fcre \u00fcber den Herz-Mari\u00e4-S\u00fchnesamstag und die darin enthaltenen Betrachtungshilfen. Sie finden diese unserem Webshop &#8211; <a href=\"https:\/\/test4.mi-backup.ch\/de\/shop\/fatima\/herz-mariae-suehnesamstag\/\">Brosch\u00fcre Herz-Mari\u00e4-S\u00fchnesamstag<\/a>.<\/p>\n<p>Verbreiten Sie diese Brosch\u00fcre auch in Ihrem Umfeld, damit sich dadurch viele Seelen retten k\u00f6nnen.<\/p>\n","protected":false},"excerpt":{"rendered":"<p>Neben der Weihe Russlands an ihr Unbeflecktes Herz hat Unsere Liebe Frau von Fatima auch die S\u00fchneandacht am ersten Samstag des Monats gefordert. Diese sollte nach ihrem Wunsch offiziell vom Papst eingef\u00fchrt und verbreitet werden, was bisher noch nicht geschah. Umso mehr wollen wir diese Andacht praktizieren und verbreiten. Weitere<a class=\"more-link\" href=\"https:\/\/test4.mi-backup.ch\/de\/die-betrachtung-ein-weiteres-element-der-suehneandacht\/\">Weiterlesen &rarr;<\/a><\/p>\n","protected":false},"author":9,"featured_media":62055,"comment_status":"closed","ping_status":"closed","sticky":false,"template":"","format":"standard","meta":[],"categories":[1],"tags":[],"_links":{"self":[{"href":"https:\/\/test4.mi-backup.ch\/de\/wp-json\/wp\/v2\/posts\/62036"}],"collection":[{"href":"https:\/\/test4.mi-backup.ch\/de\/wp-json\/wp\/v2\/posts"}],"about":[{"href":"https:\/\/test4.mi-backup.ch\/de\/wp-json\/wp\/v2\/types\/post"}],"author":[{"embeddable":true,"href":"https:\/\/test4.mi-backup.ch\/de\/wp-json\/wp\/v2\/users\/9"}],"replies":[{"embeddable":true,"href":"https:\/\/test4.mi-backup.ch\/de\/wp-json\/wp\/v2\/comments?post=62036"}],"version-history":[{"count":4,"href":"https:\/\/test4.mi-backup.ch\/de\/wp-json\/wp\/v2\/posts\/62036\/revisions"}],"predecessor-version":[{"id":67815,"href":"https:\/\/test4.mi-backup.ch\/de\/wp-json\/wp\/v2\/posts\/62036\/revisions\/67815"}],"wp:featuredmedia":[{"embeddable":true,"href":"https:\/\/test4.mi-backup.ch\/de\/wp-json\/wp\/v2\/media\/62055"}],"wp:attachment":[{"href":"https:\/\/test4.mi-backup.ch\/de\/wp-json\/wp\/v2\/media?parent=62036"}],"wp:term":[{"taxonomy":"category","embeddable":true,"href":"https:\/\/test4.mi-backup.ch\/de\/wp-json\/wp\/v2\/categories?post=62036"},{"taxonomy":"post_tag","embeddable":true,"href":"https:\/\/test4.mi-backup.ch\/de\/wp-json\/wp\/v2\/tags?post=62036"}],"curies":[{"name":"wp","href":"https:\/\/api.w.org\/{rel}","templated":true}]}}