{"id":6940,"date":"2017-09-02T15:25:00","date_gmt":"2017-09-02T13:25:00","guid":{"rendered":"https:\/\/test4.mi-backup.ch\/?p=6940\/"},"modified":"2017-09-04T16:49:27","modified_gmt":"2017-09-04T14:49:27","slug":"erneuerung-des-weiheakts-an-die-immaculata-in-fatima","status":"publish","type":"post","link":"https:\/\/test4.mi-backup.ch\/de\/erneuerung-des-weiheakts-an-die-immaculata-in-fatima\/","title":{"rendered":"Erneuerung des Weiheakts an die Immaculata in Fatima"},"content":{"rendered":"<p>Sehen Sie hier die Ansprachen von Seiner Excellenz Bischof Fellay und Hochw\u00fcrden Pater Stehlin, die Weihe der Fahnen und die anschliessende Erneuerung der Weihe an die Immaculata. Diese Feier wurde anl\u00e4sslich des 100-j\u00e4hrigen Jubil\u00e4um der MI in Valinhos gehalten.<\/p>\n<p><iframe loading=\"lazy\" width=\"1260\" height=\"945\" src=\"https:\/\/www.youtube.com\/embed\/pvALB-5FoTc?feature=oembed\" frameborder=\"0\" allowfullscreen><\/iframe><\/p>\n","protected":false},"excerpt":{"rendered":"<p>Sehen Sie hier die Ansprachen von Seiner Excellenz Bischof Fellay und Hochw\u00fcrden Pater Stehlin, die Weihe der Fahnen und die anschliessende Erneuerung der Weihe an die Immaculata. Diese Feier wurde anl\u00e4sslich des 100-j\u00e4hrigen Jubil\u00e4um der MI in Valinhos gehalten.<a class=\"more-link\" href=\"https:\/\/test4.mi-backup.ch\/de\/erneuerung-des-weiheakts-an-die-immaculata-in-fatima\/\">Weiterlesen &rarr;<\/a><\/p>\n","protected":false},"author":9,"featured_media":6942,"comment_status":"closed","ping_status":"closed","sticky":false,"template":"","format":"standard","meta":[],"categories":[1],"tags":[],"_links":{"self":[{"href":"https:\/\/test4.mi-backup.ch\/de\/wp-json\/wp\/v2\/posts\/6940"}],"collection":[{"href":"https:\/\/test4.mi-backup.ch\/de\/wp-json\/wp\/v2\/posts"}],"about":[{"href":"https:\/\/test4.mi-backup.ch\/de\/wp-json\/wp\/v2\/types\/post"}],"author":[{"embeddable":true,"href":"https:\/\/test4.mi-backup.ch\/de\/wp-json\/wp\/v2\/users\/9"}],"replies":[{"embeddable":true,"href":"https:\/\/test4.mi-backup.ch\/de\/wp-json\/wp\/v2\/comments?post=6940"}],"version-history":[{"count":2,"href":"https:\/\/test4.mi-backup.ch\/de\/wp-json\/wp\/v2\/posts\/6940\/revisions"}],"predecessor-version":[{"id":6974,"href":"https:\/\/test4.mi-backup.ch\/de\/wp-json\/wp\/v2\/posts\/6940\/revisions\/6974"}],"wp:featuredmedia":[{"embeddable":true,"href":"https:\/\/test4.mi-backup.ch\/de\/wp-json\/wp\/v2\/media\/6942"}],"wp:attachment":[{"href":"https:\/\/test4.mi-backup.ch\/de\/wp-json\/wp\/v2\/media?parent=6940"}],"wp:term":[{"taxonomy":"category","embeddable":true,"href":"https:\/\/test4.mi-backup.ch\/de\/wp-json\/wp\/v2\/categories?post=6940"},{"taxonomy":"post_tag","embeddable":true,"href":"https:\/\/test4.mi-backup.ch\/de\/wp-json\/wp\/v2\/tags?post=6940"}],"curies":[{"name":"wp","href":"https:\/\/api.w.org\/{rel}","templated":true}]}}