{"id":6979,"date":"2017-09-07T16:56:18","date_gmt":"2017-09-07T14:56:18","guid":{"rendered":"https:\/\/test4.mi-backup.ch\/?p=6979\/"},"modified":"2017-09-04T16:57:42","modified_gmt":"2017-09-04T14:57:42","slug":"ansprache-von-p-karl-stehlin-bei-der-jubilaeumsfeier-der-mi-in-fatima","status":"publish","type":"post","link":"https:\/\/test4.mi-backup.ch\/de\/ansprache-von-p-karl-stehlin-bei-der-jubilaeumsfeier-der-mi-in-fatima\/","title":{"rendered":"Ansprache von P. Karl Stehlin bei der Jubil\u00e4umsfeier der MI in Fatima"},"content":{"rendered":"<p><img loading=\"lazy\" class=\"size-full wp-image-6980 alignright\" src=\"https:\/\/test4.mi-backup.ch\/wp-content\/uploads\/2017\/09\/Pater-Stehlin.jpg\" alt=\"\" width=\"350\" height=\"257\" srcset=\"https:\/\/test4.mi-backup.ch\/wp-content\/uploads\/2017\/09\/Pater-Stehlin.jpg 350w, https:\/\/test4.mi-backup.ch\/wp-content\/uploads\/2017\/09\/Pater-Stehlin-300x220.jpg 300w\" sizes=\"(max-width: 350px) 100vw, 350px\" \/>Wir wollen der Gottesmutter danken, dass wir, die Ritter der Immaculata, ihr ganz besonders dienen d\u00fcrfen, und dass wir auf ihre Bitten antworten d\u00fcrfen, n\u00e4mlich, dass sie bekannt und geliebt werde von der ganzen Welt. Daher wollten wir ihr in diesem Jahre 100\u00a0000 Ritter zu ihren F\u00fc\u00dfen legen. Durch ein besonderes Wunder der Gnade d\u00fcrfen wir ihr bereits etwa 80\u00a0000 Ritter schenken. Wir wollen in dieser Gedenkfeier insbesondere den hl. Maximilian Kolbe bitten, dass er uns eine ganz tiefe Liebe zur Muttergottes gebe. Dass wir ganz und gar ihre Instrumente seien und nichts anderes wollen, als eben nur das, was sie will: ihren Willen immer und \u00fcberall erf\u00fcllen. Wir wollen uns der Muttergottes weihen, denn wir wissen ganz genau, dass es nur eine einzige M\u00f6glichkeit gibt, in dieser Welt Gutes zu tun, Gott zu lieben und den N\u00e4chsten, wenn wir uns ganz der Muttergottes schenken, sie in allem in unser Leben hineinnehmen.<\/p>\n","protected":false},"excerpt":{"rendered":"<p>Wir wollen der Gottesmutter danken, dass wir, die Ritter der Immaculata, ihr ganz besonders dienen d\u00fcrfen, und dass wir auf ihre Bitten antworten d\u00fcrfen, n\u00e4mlich, dass sie bekannt und geliebt werde von der ganzen Welt. Daher wollten wir ihr in diesem Jahre 100\u00a0000 Ritter zu ihren F\u00fc\u00dfen legen. Durch ein<a class=\"more-link\" href=\"https:\/\/test4.mi-backup.ch\/de\/ansprache-von-p-karl-stehlin-bei-der-jubilaeumsfeier-der-mi-in-fatima\/\">Weiterlesen &rarr;<\/a><\/p>\n","protected":false},"author":9,"featured_media":6981,"comment_status":"closed","ping_status":"closed","sticky":false,"template":"","format":"standard","meta":[],"categories":[1],"tags":[],"_links":{"self":[{"href":"https:\/\/test4.mi-backup.ch\/de\/wp-json\/wp\/v2\/posts\/6979"}],"collection":[{"href":"https:\/\/test4.mi-backup.ch\/de\/wp-json\/wp\/v2\/posts"}],"about":[{"href":"https:\/\/test4.mi-backup.ch\/de\/wp-json\/wp\/v2\/types\/post"}],"author":[{"embeddable":true,"href":"https:\/\/test4.mi-backup.ch\/de\/wp-json\/wp\/v2\/users\/9"}],"replies":[{"embeddable":true,"href":"https:\/\/test4.mi-backup.ch\/de\/wp-json\/wp\/v2\/comments?post=6979"}],"version-history":[{"count":1,"href":"https:\/\/test4.mi-backup.ch\/de\/wp-json\/wp\/v2\/posts\/6979\/revisions"}],"predecessor-version":[{"id":6982,"href":"https:\/\/test4.mi-backup.ch\/de\/wp-json\/wp\/v2\/posts\/6979\/revisions\/6982"}],"wp:featuredmedia":[{"embeddable":true,"href":"https:\/\/test4.mi-backup.ch\/de\/wp-json\/wp\/v2\/media\/6981"}],"wp:attachment":[{"href":"https:\/\/test4.mi-backup.ch\/de\/wp-json\/wp\/v2\/media?parent=6979"}],"wp:term":[{"taxonomy":"category","embeddable":true,"href":"https:\/\/test4.mi-backup.ch\/de\/wp-json\/wp\/v2\/categories?post=6979"},{"taxonomy":"post_tag","embeddable":true,"href":"https:\/\/test4.mi-backup.ch\/de\/wp-json\/wp\/v2\/tags?post=6979"}],"curies":[{"name":"wp","href":"https:\/\/api.w.org\/{rel}","templated":true}]}}