{"id":81504,"date":"2022-11-04T08:00:20","date_gmt":"2022-11-04T07:00:20","guid":{"rendered":"https:\/\/test4.mi-backup.ch\/?p=81504"},"modified":"2022-12-11T19:40:02","modified_gmt":"2022-12-11T18:40:02","slug":"13-taegige-vorbereitungsnovene-weihe-an-die-immaculata-2022","status":"publish","type":"post","link":"https:\/\/test4.mi-backup.ch\/de\/13-taegige-vorbereitungsnovene-weihe-an-die-immaculata-2022\/","title":{"rendered":"13-t\u00e4gige Vorbereitungsnovene f\u00fcr den 8. Dezember 2022"},"content":{"rendered":"<p>Gerne laden wir Sie ein ab Fr, 25. November 2022, die 13-t\u00e4gige Vorbereitung auf die Weihe an die Immaculata am Fest der Unbefleckten Empf\u00e4ngnis (8. Dezember) mitzubeten (ca. 2o-30 min pro Tag) und dann die Weihe an die Immaculata im Geiste der MI abzulegen (siehe auch <a href=\"https:\/\/test4.mi-backup.ch\/de\/die-weihe-an-maria-im-geiste-der-mi-erklaervideo\/\">Erkl\u00e4rvideo<\/a> und <a href=\"https:\/\/test4.mi-backup.ch\/de\/aufnahme-2022\/\">Standortkarte<\/a>). Alle MI-Mitglieder k\u00f6nnen die Gelegenheit nutzen die Weihe zu erneuern. F\u00fcr alle besteht die M\u00f6glichkeit einen <a href=\"https:\/\/test4.mi-backup.ch\/de\/ablaesse\/\" target=\"_blank\" rel=\"noopener\">vollkommenen Ablass<\/a> zu gewissen.<\/p>\n<p><strong><span dir=\"ltr\" role=\"presentation\">Wichtig: Die Anleitungen zur Vorbereitung sind nur Vorschl\u00e4ge. W<\/span><span dir=\"ltr\" role=\"presentation\">enn jemand aus Mangel an Zeit oder aus ande<\/span><span dir=\"ltr\" role=\"presentation\">ren wichtigen Gr\u00fcnden, nicht in der Lage w\u00e4re, t\u00e4glich <\/span><span dir=\"ltr\" role=\"presentation\">alles zu befolgen, so soll er sich nicht abhalten lassen und einfach sein M\u00f6glichstes tun.<\/span><\/strong><\/p>\n<h3>Details zur Novene<strong><br \/>\n<\/strong><\/h3>\n<p><strong>Start der Novene ist am Freitag, 25. November 2022.<\/strong> Sie ben\u00f6tigen dazu:<\/p>\n<ul>\n<li>das <strong>Novenenb\u00fcchlein \u201cDie Weihe an die Immaculata\u201d<\/strong> &#8211; erh\u00e4ltlich beim <a href=\"https:\/\/www.sarto.de\/die-weihe-an-die-immaculata\" target=\"_blank\" rel=\"noopener\" class=\"broken_link\">Sarto-Verlag<\/a> f\u00fcr DE und AT bzw. <a href=\"https:\/\/www.alverna.ch\/b%C3%BCcher\/spiritualitaet\/die-weihe-an-die-immaculata-detail.html\" target=\"_blank\" rel=\"noopener\" class=\"broken_link\">Alverna-Verlag<\/a> f\u00fcr die Schweiz &#8211; und unten als PDF. Wenn Sie sich f\u00fcr eine MI-Aufnahme anmelden (Siehe <a href=\"https:\/\/test4.mi-backup.ch\/de\/aufnahme-2022\/\">Standortkarte<\/a>), k\u00f6nnen Sie direkt anhaken, ob Sie ein Weiheb\u00fcchlein zugestellt erhalten m\u00f6chten<\/li>\n<li>die erg\u00e4nzendenen Lesungen aus dem <strong>Buch &#8220;Die Immaculata unser Ideal&#8221;<\/strong> &#8211; erh\u00e4ltlich beim <a href=\"https:\/\/www.sarto.de\/die-immaculata-unser-ideal\" target=\"_blank\" rel=\"noopener\" class=\"broken_link\">Sarto-Verlag<\/a> f\u00fcr DE und AT bzw. <a href=\"https:\/\/www.alverna.ch\/b%C3%BCcher\/spiritualitaet\/die-immaculata-unser-ideal-detail.html\" target=\"_blank\" rel=\"noopener\" class=\"broken_link\">Alverna-Verlag<\/a> f\u00fcr die Schweiz &#8211; und unten als PDF<\/li>\n<\/ul>\n<table>\n<tbody>\n<tr>\n<td valign=\"top\" width=\"302\">\n<p><figure id=\"attachment_81527\" aria-describedby=\"caption-attachment-81527\" style=\"width: 203px\" class=\"wp-caption alignnone\"><a href=\"https:\/\/test4.mi-backup.ch\/de\/shop\/buecher\/die-weihe-an-die-immaculata\/\" target=\"_blank\" rel=\"https:\/\/test4.mi-backup.ch\/de\/shop\/buecher\/die-weihe-an-die-immaculata\/ noopener\"><img loading=\"lazy\" class=\"wp-image-81527\" src=\"https:\/\/test4.mi-backup.ch\/wp-content\/uploads\/2022\/11\/novenenbuechlein-weihe-an-immaculata.jpg\" alt=\"\" width=\"203\" height=\"280\" srcset=\"https:\/\/test4.mi-backup.ch\/wp-content\/uploads\/2022\/11\/novenenbuechlein-weihe-an-immaculata.jpg 435w, https:\/\/test4.mi-backup.ch\/wp-content\/uploads\/2022\/11\/novenenbuechlein-weihe-an-immaculata-218x300.jpg 218w, https:\/\/test4.mi-backup.ch\/wp-content\/uploads\/2022\/11\/novenenbuechlein-weihe-an-immaculata-399x550.jpg 399w\" sizes=\"(max-width: 203px) 100vw, 203px\" \/><\/a><figcaption id=\"caption-attachment-81527\" class=\"wp-caption-text\">Novenenb\u00fcchlein<\/figcaption><\/figure><\/td>\n<td valign=\"top\" width=\"302\">\n<p><figure id=\"attachment_81519\" aria-describedby=\"caption-attachment-81519\" style=\"width: 198px\" class=\"wp-caption alignnone\"><a href=\"https:\/\/test4.mi-backup.ch\/de\/shop\/buecher\/die-immaculata-unser-ideal\/\" target=\"_blank\" rel=\"https:\/\/test4.mi-backup.ch\/de\/shop\/buecher\/die-immaculata-unser-ideal\/ noopener\"><img loading=\"lazy\" class=\"wp-image-81519\" src=\"https:\/\/test4.mi-backup.ch\/wp-content\/uploads\/2022\/11\/buch-immaculata-unser-ideal.jpg\" alt=\"\" width=\"198\" height=\"280\" srcset=\"https:\/\/test4.mi-backup.ch\/wp-content\/uploads\/2022\/11\/buch-immaculata-unser-ideal.jpg 425w, https:\/\/test4.mi-backup.ch\/wp-content\/uploads\/2022\/11\/buch-immaculata-unser-ideal-213x300.jpg 213w, https:\/\/test4.mi-backup.ch\/wp-content\/uploads\/2022\/11\/buch-immaculata-unser-ideal-390x550.jpg 390w\" sizes=\"(max-width: 198px) 100vw, 198px\" \/><\/a><figcaption id=\"caption-attachment-81519\" class=\"wp-caption-text\">Buch mit den erg\u00e4nzenden Lesungen<\/figcaption><\/figure><\/td>\n<\/tr>\n<\/tbody>\n<\/table>\n<h3>Download als PDF<\/h3>\n<p>Damit m\u00f6glichst viele Menschen die Vorbereitungsnovene ablegen k\u00f6nnen und nicht aufgrund von Lieferzeiten, etc. abgehalten werden, stellen wir Ihnen die PDF-Versionen hier gleich zum Download zur Verf\u00fcgung. Wir empfehlen aber die obenstehende Lekt\u00fcre zu bestellen.<\/p>\n<ul>\n<li><a href=\"https:\/\/test4.mi-backup.ch\/downloads\/Die-Weihe-an-die-Immaculata-2018-webversion.pdf\" target=\"_blank\" rel=\"noopener\">Download Novenenb\u00fcchlein<\/a><\/li>\n<li><a href=\"https:\/\/test4.mi-backup.ch\/downloads\/Weihevorbereitung-Lesungen.pdf\" target=\"_blank\" rel=\"noopener\">Download Lesungen<\/a><\/li>\n<\/ul>\n<h3>Telegram-Kanal f\u00fcr Vorbereitung<\/h3>\n<p>In unserem Telegram-Kanal f\u00fcr die Weihevorbereitung erhalten Sie t\u00e4glich den Novenentext sowie die dazugeh\u00f6rigen Lesungen:<\/p>\n<p>Hier kostenlos abonnieren: <a href=\"https:\/\/t.me\/weiheanmaria\" target=\"_blank\" rel=\"noopener\">https:\/\/t.me\/weiheanmaria<\/a><\/p>\n<p><a href=\"https:\/\/t.me\/weiheanmaria\" target=\"_blank\" rel=\"noopener\"><img loading=\"lazy\" class=\"alignnone wp-image-42306 size-full\" src=\"https:\/\/test4.mi-backup.ch\/wp-content\/uploads\/2021\/11\/202111-weihe-an-maria.jpg\" sizes=\"(max-width: 800px) 100vw, 800px\" srcset=\"https:\/\/test4.mi-backup.ch\/wp-content\/uploads\/2021\/11\/202111-weihe-an-maria.jpg 800w, https:\/\/test4.mi-backup.ch\/wp-content\/uploads\/2021\/11\/202111-weihe-an-maria-300x75.jpg 300w, https:\/\/test4.mi-backup.ch\/wp-content\/uploads\/2021\/11\/202111-weihe-an-maria-768x192.jpg 768w, https:\/\/test4.mi-backup.ch\/wp-content\/uploads\/2021\/11\/202111-weihe-an-maria-425x106.jpg 425w, https:\/\/test4.mi-backup.ch\/wp-content\/uploads\/2021\/11\/202111-weihe-an-maria-600x150.jpg 600w\" alt=\"\" width=\"800\" height=\"200\" \/><\/a><\/p>\n<p>Haben Sie noch kein Telegram? Telegram ist ein kostenloser Messaging-Dienst, der sowohl auf dem Smartphone als auch auf dem Computer installiert werden kann. \u00dcber diesen erhalten Sie Nachrichten, Bilder, Audios oder sogar Videos. F\u00fcr die Installation auf dem Computer wird f\u00fcr die Registrierung eine Mobiltelefonnummer ben\u00f6tigt. Weitere Informationen und Download: <a href=\"https:\/\/telegram.org\/\" target=\"_blank\" rel=\"noopener\">https:\/\/telegram.org\/<\/a><\/p>\n","protected":false},"excerpt":{"rendered":"<p>Gerne laden wir Sie ein ab Fr, 25. November 2022, die 13-t\u00e4gige Vorbereitung auf die Weihe an die Immaculata am Fest der Unbefleckten Empf\u00e4ngnis (8. Dezember) mitzubeten (ca. 2o-30 min pro Tag) und dann die Weihe an die Immaculata im Geiste der MI abzulegen (siehe auch Erkl\u00e4rvideo und Standortkarte). Alle<a class=\"more-link\" href=\"https:\/\/test4.mi-backup.ch\/de\/13-taegige-vorbereitungsnovene-weihe-an-die-immaculata-2022\/\">Weiterlesen &rarr;<\/a><\/p>\n","protected":false},"author":9,"featured_media":81505,"comment_status":"closed","ping_status":"closed","sticky":false,"template":"","format":"standard","meta":[],"categories":[1],"tags":[],"_links":{"self":[{"href":"https:\/\/test4.mi-backup.ch\/de\/wp-json\/wp\/v2\/posts\/81504"}],"collection":[{"href":"https:\/\/test4.mi-backup.ch\/de\/wp-json\/wp\/v2\/posts"}],"about":[{"href":"https:\/\/test4.mi-backup.ch\/de\/wp-json\/wp\/v2\/types\/post"}],"author":[{"embeddable":true,"href":"https:\/\/test4.mi-backup.ch\/de\/wp-json\/wp\/v2\/users\/9"}],"replies":[{"embeddable":true,"href":"https:\/\/test4.mi-backup.ch\/de\/wp-json\/wp\/v2\/comments?post=81504"}],"version-history":[{"count":10,"href":"https:\/\/test4.mi-backup.ch\/de\/wp-json\/wp\/v2\/posts\/81504\/revisions"}],"predecessor-version":[{"id":81565,"href":"https:\/\/test4.mi-backup.ch\/de\/wp-json\/wp\/v2\/posts\/81504\/revisions\/81565"}],"wp:featuredmedia":[{"embeddable":true,"href":"https:\/\/test4.mi-backup.ch\/de\/wp-json\/wp\/v2\/media\/81505"}],"wp:attachment":[{"href":"https:\/\/test4.mi-backup.ch\/de\/wp-json\/wp\/v2\/media?parent=81504"}],"wp:term":[{"taxonomy":"category","embeddable":true,"href":"https:\/\/test4.mi-backup.ch\/de\/wp-json\/wp\/v2\/categories?post=81504"},{"taxonomy":"post_tag","embeddable":true,"href":"https:\/\/test4.mi-backup.ch\/de\/wp-json\/wp\/v2\/tags?post=81504"}],"curies":[{"name":"wp","href":"https:\/\/api.w.org\/{rel}","templated":true}]}}