{"id":83810,"date":"2022-12-16T21:11:15","date_gmt":"2022-12-16T20:11:15","guid":{"rendered":"https:\/\/test4.mi-backup.ch\/?p=83810"},"modified":"2023-01-06T22:45:25","modified_gmt":"2023-01-06T21:45:25","slug":"die-lehre-ueber-die-menschwerdung-von-gottes-sohn","status":"publish","type":"post","link":"https:\/\/test4.mi-backup.ch\/de\/die-lehre-ueber-die-menschwerdung-von-gottes-sohn\/","title":{"rendered":"Die Lehre \u00fcber die Menschwerdung von Gottes Sohn"},"content":{"rendered":"<p><a href=\"https:\/\/test4.mi-backup.ch\/wp-content\/uploads\/2022\/12\/zitat_2022_kw51.jpg\"><img loading=\"lazy\" class=\"alignnone wp-image-83819 size-full\" src=\"https:\/\/test4.mi-backup.ch\/wp-content\/uploads\/2022\/12\/zitat_2022_kw51.jpg\" alt=\"\" width=\"800\" height=\"420\" srcset=\"https:\/\/test4.mi-backup.ch\/wp-content\/uploads\/2022\/12\/zitat_2022_kw51.jpg 800w, https:\/\/test4.mi-backup.ch\/wp-content\/uploads\/2022\/12\/zitat_2022_kw51-300x158.jpg 300w, https:\/\/test4.mi-backup.ch\/wp-content\/uploads\/2022\/12\/zitat_2022_kw51-768x403.jpg 768w, https:\/\/test4.mi-backup.ch\/wp-content\/uploads\/2022\/12\/zitat_2022_kw51-425x223.jpg 425w, https:\/\/test4.mi-backup.ch\/wp-content\/uploads\/2022\/12\/zitat_2022_kw51-600x315.jpg 600w\" sizes=\"(max-width: 800px) 100vw, 800px\" \/><\/a><\/p>\n<p>Kurz vor Weihnachten lohnt es sich, die Glaubenswahrheit von Weihnachten aus katholischer Lehre nochmals bewusst in Erinnerung rufen. Oft geht dies im Trubel rund um die Weihnachtsgeschenke und die Jahresend-Aktivit\u00e4ten unter. Eine einfache M\u00f6glichkeit dazu ist einen Blick auf das Glaubensbekenntnis und den Ausf\u00fchrungen des katholischen Katechismus zu werfen. Es lohnt sich, die S\u00e4tze nicht einfach nur schnell durchzulesen, sondern diese zu betrachten um tiefer in das Geheimnis von Weihnachten eintauchen zu k\u00f6nnen.<\/p>\n<p><a href=\"https:\/\/www.sarto.de\/basler-katechismus\" target=\"_blank\" rel=\"noopener\"><img loading=\"lazy\" class=\"alignleft wp-image-83811 size-medium\" src=\"https:\/\/test4.mi-backup.ch\/wp-content\/uploads\/2022\/12\/Baseler-Katechismus-190x300.jpeg\" alt=\"\" width=\"190\" height=\"300\" srcset=\"https:\/\/test4.mi-backup.ch\/wp-content\/uploads\/2022\/12\/Baseler-Katechismus-190x300.jpeg 190w, https:\/\/test4.mi-backup.ch\/wp-content\/uploads\/2022\/12\/Baseler-Katechismus-647x1024.jpeg 647w, https:\/\/test4.mi-backup.ch\/wp-content\/uploads\/2022\/12\/Baseler-Katechismus-768x1215.jpeg 768w, https:\/\/test4.mi-backup.ch\/wp-content\/uploads\/2022\/12\/Baseler-Katechismus-971x1536.jpeg 971w, https:\/\/test4.mi-backup.ch\/wp-content\/uploads\/2022\/12\/Baseler-Katechismus-1294x2048.jpeg 1294w, https:\/\/test4.mi-backup.ch\/wp-content\/uploads\/2022\/12\/Baseler-Katechismus-348x550.jpeg 348w, https:\/\/test4.mi-backup.ch\/wp-content\/uploads\/2022\/12\/Baseler-Katechismus-600x950.jpeg 600w, https:\/\/test4.mi-backup.ch\/wp-content\/uploads\/2022\/12\/Baseler-Katechismus.jpeg 1361w\" sizes=\"(max-width: 190px) 100vw, 190px\" \/><\/a>Nachstehender Inhalt aus: Katholischer Katechismus von Basel von 1947, Nachdruck 2009 (Sarto-Verlag, neueste Ausgabe hier erh\u00e4ltlich: <a href=\"https:\/\/www.sarto.de\/basler-katechismus\" target=\"_blank\" rel=\"noopener\">sarto.de<\/a>):<\/p>\n<p>Im Dritten Glaubenssatz des apostolischen Glaubensbekenntnisses beten wir: <strong>\u201eder empfangen ist vom Heiligen Geist, geboren aus Maria der Jungfrau\u201c<\/strong>.<\/p>\n<h2>Jesus wahrer Mensch<\/h2>\n<p>Im dritten Glaubenssatz bekennen wir, da\u00df unser Erl\u00f6ser wahrer Mensch ist. Der <strong>Sohn Gottes ist Mensch geworden<\/strong>. Er hat zu seiner Gottheit noch eine zweite Natur angenommen, die Menschheit. Nur so konnte er leidend und sterbend die Welt erl\u00f6sen.<\/p>\n<p><strong>Nr. 64: Wozu ist der Sohn Gottes Mensch geworden?<\/strong><\/p>\n<p>Der Sohn Gottes ist Mensch geworden, um uns zu erl\u00f6sen.<\/p>\n<p><strong>Nr. 65: Was hei\u00dft das: Der Sohn Gottes ist Mensch geworden?<img loading=\"lazy\" class=\"size-medium wp-image-83827 alignright\" src=\"https:\/\/test4.mi-backup.ch\/wp-content\/uploads\/2022\/12\/christmas-g9524efa4f_1920-300x239.jpg\" alt=\"\" width=\"300\" height=\"239\" srcset=\"https:\/\/test4.mi-backup.ch\/wp-content\/uploads\/2022\/12\/christmas-g9524efa4f_1920-300x239.jpg 300w, https:\/\/test4.mi-backup.ch\/wp-content\/uploads\/2022\/12\/christmas-g9524efa4f_1920-1024x817.jpg 1024w, https:\/\/test4.mi-backup.ch\/wp-content\/uploads\/2022\/12\/christmas-g9524efa4f_1920-768x612.jpg 768w, https:\/\/test4.mi-backup.ch\/wp-content\/uploads\/2022\/12\/christmas-g9524efa4f_1920-1536x1225.jpg 1536w, https:\/\/test4.mi-backup.ch\/wp-content\/uploads\/2022\/12\/christmas-g9524efa4f_1920-425x339.jpg 425w, https:\/\/test4.mi-backup.ch\/wp-content\/uploads\/2022\/12\/christmas-g9524efa4f_1920-600x478.jpg 600w, https:\/\/test4.mi-backup.ch\/wp-content\/uploads\/2022\/12\/christmas-g9524efa4f_1920.jpg 1920w\" sizes=\"(max-width: 300px) 100vw, 300px\" \/><\/strong><\/p>\n<p>Der Sohn Gottes ist Mensch geworden hei\u00dft: Er hat <strong>einen Leib und eine Seele<\/strong> angenommen, wie wir Menschen haben.<\/p>\n<p><em>Wir beten im Englischen Gru\u00df (Engel des Herrn): \u00abUnd das Wort ist Fleisch geworden, und hat unter uns gewohnt\u00bb (Joh 1,14). Der Sohn Gottes ist <\/em><em>Fleisch, d.h. Mensch geworden, als Maria ihn empfing und an Weihnachten der Welt schenkte. So ist er unser Bruder geworden und hat die Leiden und M\u00fchen des menschlichen Lebens auf sich genommen. So gro\u00df war seine Liebe zu uns.<\/em><\/p>\n<p><strong>Nr. 66: Wer ist also Jesus Christus?<\/strong><\/p>\n<p>Jesus Christus ist also <strong>der Gott-Mensch<\/strong>, wahrer Gott und wahrer Mensch.<\/p>\n<p><em>Wahrer Gott ist er von Ewigkeit her, wahrer Mensch seit der Menschwerdung. An die Menschwerdung des Gottessohnes erinnern uns die Feste Mari\u00e4 Verk\u00fcndigung am 25. M\u00e4rz und Weihnachten am 25. Dezember.<\/em><\/p>\n<p><em>Jesus Christus hat also <strong>zwei Naturen<\/strong>, die g\u00f6ttliche, weil er Gott ist, die menschliche, weil er Mensch ist. In Christus ist aber <strong>nur eine Person<\/strong>, die zweite Person Gottes. Leib und Blut, Herz und Seele des Erl\u00f6sers geh\u00f6ren dieser g\u00f6ttlichen Person. Darum beten wir das g\u00f6ttliche Herz Jesu an, feiern sein Fest am Freitag nach der Fronleichnams-Oktav und erinnern uns daran am ersten Freitag jedes Monats. Herz Jesu, in welchem die ganze F\u00fclle der Gottheit wohnt, erbarme Dich unser! (Herz-Jesu-Litanei). Am 1. Juli feiern wir das Fest des kostbaren Blutes Christi.<\/em><\/p>\n<p><strong>Nr. 67: Wer ist also die Mutter Jesu?<\/strong><\/p>\n<p>Die Mutter Jesu ist die reinste Jungfrau Maria. Sie wird Mutter Gottes genannt.<\/p>\n<p><em>Maria ist die wirkliche, <strong>wahre<\/strong> Mutter Jesu. Sie hat den Sohn Gottes vom Heiligen Geist empfangen und in Bethlehem geboren. Gottesmutter ist sie, weil ihr Sohn wahrer Gott ist.<\/em><\/p>\n<p><strong>Nr. 68: Warum ist Maria auch unsere Mutter?<\/strong><\/p>\n<p>Maria ist auch unsere Mutter, weil wir als Kinder Gottes Br\u00fcder und Schwestern Christi sind und weil Jesus selbst sie uns zur Mutter gab.<\/p>\n<p><em>Durch die Gnade sind wir Glieder des geheimnisvollen Leibes, dessen Haupt Christus ist. Maria, die Mutter des Hauptes, ist auch die Mutter der Glieder, also unsere Mutter. &#8211; Am Kreuz sprach Jesus zu Johannes: \u00abSiehe da deine Mutter!\u00bb (Joh 19,27). Daher liebt das christliche Volk seine himmlische Mutter so sehr, und selbst bei der heiligen Messe wird ihr Name dreimal genannt.<\/em><\/p>\n<p><strong><img loading=\"lazy\" class=\"size-full wp-image-33855 alignright\" src=\"https:\/\/test4.mi-backup.ch\/wp-content\/uploads\/2021\/01\/Titelbild-Heiliger-Joseph.png\" alt=\"\" width=\"260\" height=\"200\" \/>Nr. 69: Wer ist der heilige Josef?<\/strong><\/p>\n<p>Der heilige Josef ist der N\u00e4hr- und Pflegevater Jesu.<\/p>\n<p><em>Der heilige Josef ist also nicht der eigentliche Vater Jesu. Das ist der himmlische Vater. Als der 12j\u00e4hrige Jesus von Maria und Josef im Tempel wiedergefunden wurde, sagte er zu ihnen: \u00abWu\u00dftet ihr nicht, da\u00df ich in dem sein mu\u00df, was meines Vaters ist?\u00bb (Lk 2,49).<\/em><\/p>\n<p><em>Josef war vor Gott gerecht. Er wurde auserw\u00e4hlt, Pflegevater Jesu, Br\u00e4utigam der Gottesmutter und Haupt der Heiligen Familie zu sein. Welch hohe W\u00fcrde! Sein Fest feiern wir am 19. M\u00e4rz, sein Fest als Schutzherr der Kirche am Mittwoch nach dem zweiten Sonntag nach Ostern.<\/em><\/p>\n<h2>Jesus unser Erl\u00f6ser<\/h2>\n<p>Der Gottessohn ist Mensch geworden, um uns zu erl\u00f6sen. Deshalb verk\u00fcndete der Engel dem heiligen Josef: \u00abEr wird sein Volk von seinen S\u00fcnden erl\u00f6sen\u00bb (Mt 1,21). Die Pharis\u00e4er warfen ihm vor, da\u00df er mit S\u00fcndern gehe und mit ihnen am Tische sitze. Er antwortete darauf: \u00abDer Menschensohn ist gekommen zu suchen und selig zu machen, was verloren war\u00bb (Lk 19,10).<\/p>\n<ol start=\"70\">\n<li><strong> Woher wissen wir, da\u00df Jesus unser Erl\u00f6ser ist?<\/strong><\/li>\n<\/ol>\n<p>Da\u00df Jesus unser Erl\u00f6ser ist, wissen wir<\/p>\n<ol>\n<li>weil Gott es <strong>durch den Engel<\/strong> dem heiligen Josef verk\u00fcndet hat,<\/li>\n<li>weil <strong>Christus<\/strong> es selbst gesagt hat,<\/li>\n<li>weil sich nur an ihm die <strong>Weissagungen und Vorbilder <\/strong>\u00fcber die Erl\u00f6sung erf\u00fcllt haben.<\/li>\n<\/ol>\n<p>Erl\u00e4uterungen:<\/p>\n<ol>\n<li>Zum heiligen Josef sprach der <strong>Engel<\/strong>: \u00abDu sollst ihm den Namen Jesus geben, denn er wird sein Volk erl\u00f6sen von dessen S\u00fcnden\u00bb (Mt 1,21).<\/li>\n<li>Von sich selbst sagte <strong>Christus<\/strong>: \u00abDer Menschensohn ist gekommen zu suchen und selig zu machen, was verloren war\u00bb (LK 19,10).<\/li>\n<li><strong>Weissagungen und Vorbilder<\/strong>: Die Propheten haben des Erl\u00f6sers Geburt, seine Wunder, sein Leiden und Sterben und seine Auferstehung geweissagt.<\/li>\n<\/ol>\n<p><strong><img loading=\"lazy\" class=\"size-medium wp-image-83836 alignleft\" src=\"https:\/\/test4.mi-backup.ch\/wp-content\/uploads\/2022\/12\/jesus-g6853cf342_1280-300x237.png\" alt=\"\" width=\"300\" height=\"237\" srcset=\"https:\/\/test4.mi-backup.ch\/wp-content\/uploads\/2022\/12\/jesus-g6853cf342_1280-300x237.png 300w, https:\/\/test4.mi-backup.ch\/wp-content\/uploads\/2022\/12\/jesus-g6853cf342_1280-1024x809.png 1024w, https:\/\/test4.mi-backup.ch\/wp-content\/uploads\/2022\/12\/jesus-g6853cf342_1280-768x607.png 768w, https:\/\/test4.mi-backup.ch\/wp-content\/uploads\/2022\/12\/jesus-g6853cf342_1280-425x336.png 425w, https:\/\/test4.mi-backup.ch\/wp-content\/uploads\/2022\/12\/jesus-g6853cf342_1280-600x474.png 600w, https:\/\/test4.mi-backup.ch\/wp-content\/uploads\/2022\/12\/jesus-g6853cf342_1280.png 1280w\" sizes=\"(max-width: 300px) 100vw, 300px\" \/>Geburt<\/strong>: Seine <strong>Mutter wird eine Jungfrau sein<\/strong>: \u00abSiehe, die Jungfrau wird empfangen und einen Sohn geb\u00e4ren\u00bb (Is 7,14).<\/p>\n<p><strong>Ort<\/strong>: \u00abDu Bethlehem bist keineswegs die geringste unter den F\u00fcrstenst\u00e4dten Judas; denn aus dir wird hervorgehen der Herrscher in Israel\u00bb (Mich 5,1).<\/p>\n<p><strong>Zeit<\/strong>: \u00abDas Zepter wird nicht von Juda weichen, bis der kommt, auf den die V\u00f6lker harren\u00bb (1 Mos 49,10).<\/p>\n<p><strong>Wunder<\/strong>: \u00abGott selbst wird kommen und euch erl\u00f6sen; dann \u00f6ffnen sich der Blinden Augen, der Tauben Ohren tun sich auf; dann springet wie ein Hirsch der Lahme, der Stummen Zunge jauchzet auf\u00bb (Is 35,4 ff.).<\/p>\n<p><strong>Leiden und Sterben<\/strong>: Die Propheten sagten bis ins einzelne voraus: Der Erl\u00f6ser werde um 30 Silberlinge verraten, er werde geschlagen, angespieen, mit Essig und Galle getr\u00e4nkt, seine H\u00e4nde und F\u00fc\u00dfe werden durchbohrt, seine Kleider verteilt, und um sein Gewand werde das Los geworfen<\/p>\n<p><strong>Auferstehung<\/strong>: Isaias verk\u00fcndete: \u00abSein Grab wird herrlich sein\u00bb (Is 11.10). \u00abDu wirst, o Herr, meine Seele nicht im Totenreich und Deinen Heiligen nicht die Verwesung schauen lassen\u00bb (Ps 15). Alle diese Weissagungen sind an Christus erf\u00fcllt worden.<\/p>\n<p><strong>Vorbilder<\/strong>:<\/p>\n<p><img loading=\"lazy\" class=\"size-medium wp-image-83844 alignright\" src=\"https:\/\/test4.mi-backup.ch\/wp-content\/uploads\/2022\/12\/stained-glass-window-gaa570842b_1920-300x274.jpg\" alt=\"\" width=\"300\" height=\"274\" srcset=\"https:\/\/test4.mi-backup.ch\/wp-content\/uploads\/2022\/12\/stained-glass-window-gaa570842b_1920-300x274.jpg 300w, https:\/\/test4.mi-backup.ch\/wp-content\/uploads\/2022\/12\/stained-glass-window-gaa570842b_1920-1024x935.jpg 1024w, https:\/\/test4.mi-backup.ch\/wp-content\/uploads\/2022\/12\/stained-glass-window-gaa570842b_1920-768x701.jpg 768w, https:\/\/test4.mi-backup.ch\/wp-content\/uploads\/2022\/12\/stained-glass-window-gaa570842b_1920-1536x1402.jpg 1536w, https:\/\/test4.mi-backup.ch\/wp-content\/uploads\/2022\/12\/stained-glass-window-gaa570842b_1920-425x388.jpg 425w, https:\/\/test4.mi-backup.ch\/wp-content\/uploads\/2022\/12\/stained-glass-window-gaa570842b_1920-600x548.jpg 600w, https:\/\/test4.mi-backup.ch\/wp-content\/uploads\/2022\/12\/stained-glass-window-gaa570842b_1920.jpg 1920w\" sizes=\"(max-width: 300px) 100vw, 300px\" \/><\/p>\n<ul>\n<li><strong>Isaak<\/strong>, der sein Holz auf den Opferberg Moria getragen hat. &#8211; Kreuzweg.<\/li>\n<li><strong>Joseph<\/strong>, der um 20 Silberlinge verkauft wurde. &#8211; Jesus, von Judas verraten.<\/li>\n<li>Das <strong>Osterlamm<\/strong>, an dem kein Bein gebrochen wurde und durch dessen Blut die Israeliten vor dem W\u00fcrgengel bewahrt wurden. Lamm Gottes am Kreuz.<\/li>\n<li>Die <strong>eherne Schlange<\/strong>: Wer zu ihr hinauf schaute, wurde vom Schlangenbi\u00df geheilt. &#8211; Im Kreuz ist Heil.<\/li>\n<li><strong>Melchisedech<\/strong> mit seinem Opfer von Brot und Wein. &#8211; Opfer des Abendmahles.<\/li>\n<li><strong>Jonas<\/strong>, der am dritten Tag aus dem Leib des Fisches hervorging. &#8211; Auferstehung.<\/li>\n<\/ul>\n<p><strong>Mahnung: <\/strong>Nie werden wir imstande sein, Gott genug zu danken f\u00fcr die Wohltaten der Erl\u00f6sung. Durch die S\u00fcnde stie\u00df der Mensch die Gnade und Liebe Gottes von sich und geriet in die Gewalt des b\u00f6sen Feindes. In diesem Elend h\u00e4tte Gott uns lassen k\u00f6nnen. Doch er hat es nicht getan. \u00abSo sehr hat Gott die Welt geliebt, da\u00df er seinen eingeborenen Sohn dahingab\u00bb (Joh 3,16). Zum Dank f\u00fcr die Menschwerdung und Erl\u00f6sung beten wir t\u00e4glich dreimal den Englischen Gru\u00df (Engel des Herrn).<\/p>\n","protected":false},"excerpt":{"rendered":"<p>Kurz vor Weihnachten lohnt es sich, die Glaubenswahrheit von Weihnachten aus katholischer Lehre nochmals bewusst in Erinnerung rufen. Oft geht dies im Trubel rund um die Weihnachtsgeschenke und die Jahresend-Aktivit\u00e4ten unter. Eine einfache M\u00f6glichkeit dazu ist einen Blick auf das Glaubensbekenntnis und den Ausf\u00fchrungen des katholischen Katechismus zu werfen. Es<a class=\"more-link\" href=\"https:\/\/test4.mi-backup.ch\/de\/die-lehre-ueber-die-menschwerdung-von-gottes-sohn\/\">Weiterlesen &rarr;<\/a><\/p>\n","protected":false},"author":217,"featured_media":83852,"comment_status":"closed","ping_status":"closed","sticky":false,"template":"","format":"standard","meta":[],"categories":[1],"tags":[],"_links":{"self":[{"href":"https:\/\/test4.mi-backup.ch\/de\/wp-json\/wp\/v2\/posts\/83810"}],"collection":[{"href":"https:\/\/test4.mi-backup.ch\/de\/wp-json\/wp\/v2\/posts"}],"about":[{"href":"https:\/\/test4.mi-backup.ch\/de\/wp-json\/wp\/v2\/types\/post"}],"author":[{"embeddable":true,"href":"https:\/\/test4.mi-backup.ch\/de\/wp-json\/wp\/v2\/users\/217"}],"replies":[{"embeddable":true,"href":"https:\/\/test4.mi-backup.ch\/de\/wp-json\/wp\/v2\/comments?post=83810"}],"version-history":[{"count":4,"href":"https:\/\/test4.mi-backup.ch\/de\/wp-json\/wp\/v2\/posts\/83810\/revisions"}],"predecessor-version":[{"id":83897,"href":"https:\/\/test4.mi-backup.ch\/de\/wp-json\/wp\/v2\/posts\/83810\/revisions\/83897"}],"wp:featuredmedia":[{"embeddable":true,"href":"https:\/\/test4.mi-backup.ch\/de\/wp-json\/wp\/v2\/media\/83852"}],"wp:attachment":[{"href":"https:\/\/test4.mi-backup.ch\/de\/wp-json\/wp\/v2\/media?parent=83810"}],"wp:term":[{"taxonomy":"category","embeddable":true,"href":"https:\/\/test4.mi-backup.ch\/de\/wp-json\/wp\/v2\/categories?post=83810"},{"taxonomy":"post_tag","embeddable":true,"href":"https:\/\/test4.mi-backup.ch\/de\/wp-json\/wp\/v2\/tags?post=83810"}],"curies":[{"name":"wp","href":"https:\/\/api.w.org\/{rel}","templated":true}]}}