{"id":68862,"date":"2022-07-06T10:58:52","date_gmt":"2022-07-06T08:58:52","guid":{"rendered":"https:\/\/test4.mi-backup.ch\/?p=68862"},"modified":"2022-08-03T12:04:21","modified_gmt":"2022-08-03T10:04:21","slug":"les-prieres-du-chretien-et-du-saint-rosaire","status":"publish","type":"post","link":"https:\/\/test4.mi-backup.ch\/fr\/les-prieres-du-chretien-et-du-saint-rosaire\/","title":{"rendered":"Les pri\u00e8res du Chr\u00e9tien et du Saint Rosaire"},"content":{"rendered":"<p><em><strong>Le \u00ab Je crois en Dieu \u00bb ou Credo, \u00ab Symbole des ap\u00f4tres \u00bb<\/strong><\/em><\/p>\n<blockquote>\n<p style=\"padding-left: 40px;\">\u00ab Je crois en Dieu, le P\u00e8re tout-puissant, Cr\u00e9ateur du ciel et de la terre. Et en J\u00e9sus-Christ, son Fils unique, notre Seigneur, qui a \u00e9t\u00e9 con\u00e7u du Saint Esprit, est n\u00e9 de la Vierge Marie, a souffert sous Ponce Pilate, a \u00e9t\u00e9 crucifi\u00e9, est mort, a \u00e9t\u00e9 enseveli, est descendu aux enfers, le troisi\u00e8me jour est ressuscit\u00e9 des morts, est mont\u00e9 aux cieux, est assis \u00e0 la droite de Dieu le P\u00e8re tout-puissant, d\u2019o\u00f9 il viendra juger les vivants et les morts. Je crois au Saint Esprit, \u00e0 la sainte Eglise Catholique, \u00e0 la communion des Saints, \u00e0 la r\u00e9mission de p\u00e9ch\u00e9s, \u00e0 la r\u00e9surrection de la chair, \u00e0 la vie \u00e9ternelle. Ainsi soit-il. \u00bb<\/p>\n<\/blockquote>\n<p><strong>L\u2019<em>Oraison Dominicale <\/em>(Notre P\u00e8re\u2026)<\/strong><\/p>\n<blockquote>\n<p style=\"padding-left: 40px;\">\u00ab Notre P\u00e8re, qui \u00eates aux cieux, que votre nom soit sanctifi\u00e9, que votre r\u00e8gne arrive, que votre volont\u00e9 soit faite sur la terre comme au ciel.<br \/>\nDonnez-nous aujourd\u2019hui notre pain de chaque jour, pardonnez-nous nos offenses comme nous pardonnons \u00e0 ceux qui nous ont offens\u00e9s et ne nous laissez pas succomber \u00e0 la tentation, mais d\u00e9livrez-nous du mal. Ainsi soit-il. \u00bb<\/p>\n<\/blockquote>\n<p><strong>La\u00a0<em>Salutation Ang\u00e9lique <\/em>(Je vous salue Marie\u2026) [<a href=\"https:\/\/test4.mi-backup.ch\/fr\/je-vous-salue-marie\/\">En savoir plus sur cette pri\u00e8re<\/a>]<\/strong><\/p>\n<blockquote>\n<p style=\"padding-left: 40px;\"><strong>\u00ab Je vous salue, Marie,<\/strong>\u00a0pleine de gr\u00e2ce, le Seigneur est avec Vous, Vous \u00eates b\u00e9nie entre toutes les femmes et J\u00e9sus, le fruit de vos entrailles, est b\u00e9ni.<br \/>\nSainte Marie, M\u00e8re de Dieu, priez pour nous pauvres p\u00e9cheurs, maintenant et \u00e0 l\u2019heure de notre mort. Ainsi-soit-il. \u00bb<\/p>\n<\/blockquote>\n<p><strong>Le <em>Gloire au P\u00e8re<\/em><\/strong><\/p>\n<blockquote>\n<p style=\"padding-left: 40px;\"><strong>\u00ab Gloire au P\u00e8re, au Fils, et au Saint-Esprit, <\/strong>comme il \u00e9tait au commencement, maintenant et toujours, et dans les si\u00e8cles des si\u00e8cles.<br \/>\nAinsi soit-il. \u00bb<\/p>\n<\/blockquote>\n<p>La pri\u00e8re de Fatima (Portugal)<\/p>\n<blockquote>\n<p style=\"padding-left: 40px;\"><strong>\u00ab O mon J\u00e9sus,<\/strong> pardonnez-nous nos p\u00e9ch\u00e9s, preservez-nous du feu de l&#8217;enfer, et conduisez au ciel toutes les \u00e2mes, surtout celles qui ont le plus besoin de votre Sainte Mis\u00e9ricorde. \u00bb<\/p>\n<\/blockquote>\n<p><a href=\"https:\/\/test4.mi-backup.ch\/fr\/en-priere-avec-marie\/\"><em><strong>Pour plus de pri\u00e8res \u00e0 la Vierge Marie Immacul\u00e9e<\/strong><\/em><\/a><\/p>\n<hr \/>\n<h4><strong>POUR EN SAVOIR PLUS SUR LE ROSAIRE<\/strong><\/h4>\n<div style=\"position: relative; width: 100%; height: 0; padding-top: 33.3333%; padding-bottom: 48px; box-shadow: 0 2px 8px 0 rgba(63,69,81,0.16); margin-top: 1.6em; margin-bottom: 0.9em; overflow: hidden; border-radius: 8px; will-change: transform;\"><iframe style=\"position: absolute; width: 100%; height: 100%; top: 0; left: 0; border: none; padding: 0; margin: 0;\" src=\"https:\/\/www.canva.com\/design\/DAFIQVjf8Ks\/view?embed\" allowfullscreen=\"allowfullscreen\"><br \/>\n<\/iframe><\/div>\n<p><a href=\"https:\/\/www.canva.com\/design\/DAFIQVjf8Ks\/view?utm_content=DAFIQVjf8Ks&amp;utm_campaign=designshare&amp;utm_medium=embeds&amp;utm_source=link\" target=\"_blank\" rel=\"noopener\">LE ROSAIRE (6\u00a0\u00d7\u00a02\u00a0po)<\/a><\/p>\n<hr \/>\n<p><a href=\"https:\/\/test4.mi-backup.ch\/wp-content\/uploads\/2022\/07\/Rosaire-priere-pr-page.jpg\"><img loading=\"lazy\" class=\"aligncenter wp-image-68746 size-full\" src=\"https:\/\/test4.mi-backup.ch\/wp-content\/uploads\/2022\/07\/Rosaire-priere-pr-page.jpg\" alt=\"\" width=\"2000\" height=\"1414\" srcset=\"https:\/\/test4.mi-backup.ch\/wp-content\/uploads\/2022\/07\/Rosaire-priere-pr-page.jpg 2000w, https:\/\/test4.mi-backup.ch\/wp-content\/uploads\/2022\/07\/Rosaire-priere-pr-page-300x212.jpg 300w, https:\/\/test4.mi-backup.ch\/wp-content\/uploads\/2022\/07\/Rosaire-priere-pr-page-1024x724.jpg 1024w, https:\/\/test4.mi-backup.ch\/wp-content\/uploads\/2022\/07\/Rosaire-priere-pr-page-768x543.jpg 768w, https:\/\/test4.mi-backup.ch\/wp-content\/uploads\/2022\/07\/Rosaire-priere-pr-page-1536x1086.jpg 1536w, https:\/\/test4.mi-backup.ch\/wp-content\/uploads\/2022\/07\/Rosaire-priere-pr-page-425x300.jpg 425w, https:\/\/test4.mi-backup.ch\/wp-content\/uploads\/2022\/07\/Rosaire-priere-pr-page-600x424.jpg 600w\" sizes=\"(max-width: 2000px) 100vw, 2000px\" \/><\/a><\/p>\n","protected":false},"excerpt":{"rendered":"<p>Le \u00ab Je crois en Dieu \u00bb ou Credo, \u00ab Symbole des ap\u00f4tres \u00bb \u00ab Je crois en Dieu, le P\u00e8re tout-puissant, Cr\u00e9ateur du ciel et de la terre. Et en J\u00e9sus-Christ, son Fils unique, notre Seigneur, qui a \u00e9t\u00e9 con\u00e7u du Saint Esprit, est n\u00e9 de la Vierge Marie,<a class=\"more-link\" href=\"https:\/\/test4.mi-backup.ch\/fr\/les-prieres-du-chretien-et-du-saint-rosaire\/\">Lire la suite &rarr;<\/a><\/p>\n","protected":false},"author":182,"featured_media":68754,"comment_status":"closed","ping_status":"closed","sticky":false,"template":"","format":"standard","meta":[],"categories":[197],"tags":[],"_links":{"self":[{"href":"https:\/\/test4.mi-backup.ch\/fr\/wp-json\/wp\/v2\/posts\/68862"}],"collection":[{"href":"https:\/\/test4.mi-backup.ch\/fr\/wp-json\/wp\/v2\/posts"}],"about":[{"href":"https:\/\/test4.mi-backup.ch\/fr\/wp-json\/wp\/v2\/types\/post"}],"author":[{"embeddable":true,"href":"https:\/\/test4.mi-backup.ch\/fr\/wp-json\/wp\/v2\/users\/182"}],"replies":[{"embeddable":true,"href":"https:\/\/test4.mi-backup.ch\/fr\/wp-json\/wp\/v2\/comments?post=68862"}],"version-history":[{"count":4,"href":"https:\/\/test4.mi-backup.ch\/fr\/wp-json\/wp\/v2\/posts\/68862\/revisions"}],"predecessor-version":[{"id":74095,"href":"https:\/\/test4.mi-backup.ch\/fr\/wp-json\/wp\/v2\/posts\/68862\/revisions\/74095"}],"wp:featuredmedia":[{"embeddable":true,"href":"https:\/\/test4.mi-backup.ch\/fr\/wp-json\/wp\/v2\/media\/68754"}],"wp:attachment":[{"href":"https:\/\/test4.mi-backup.ch\/fr\/wp-json\/wp\/v2\/media?parent=68862"}],"wp:term":[{"taxonomy":"category","embeddable":true,"href":"https:\/\/test4.mi-backup.ch\/fr\/wp-json\/wp\/v2\/categories?post=68862"},{"taxonomy":"post_tag","embeddable":true,"href":"https:\/\/test4.mi-backup.ch\/fr\/wp-json\/wp\/v2\/tags?post=68862"}],"curies":[{"name":"wp","href":"https:\/\/api.w.org\/{rel}","templated":true}]}}