{"id":28366,"date":"2020-05-16T19:07:08","date_gmt":"2020-05-16T17:07:08","guid":{"rendered":"https:\/\/test4.mi-backup.ch\/?p=28366"},"modified":"2020-05-16T19:07:08","modified_gmt":"2020-05-16T17:07:08","slug":"pandemija-i-fatima","status":"publish","type":"post","link":"https:\/\/test4.mi-backup.ch\/hr\/pandemija-i-fatima\/","title":{"rendered":"Pandemija i Fatima"},"content":{"rendered":"\r\n<p style=\"text-align: center\"><img loading=\"lazy\" class=\"aligncenter wp-image-28394 size-full\" src=\"https:\/\/test4.mi-backup.ch\/wp-content\/uploads\/2020\/05\/notre_dame_salut_des_infirmes_2.jpg\" alt=\"\" width=\"800\" height=\"450\" srcset=\"https:\/\/test4.mi-backup.ch\/wp-content\/uploads\/2020\/05\/notre_dame_salut_des_infirmes_2.jpg 800w, https:\/\/test4.mi-backup.ch\/wp-content\/uploads\/2020\/05\/notre_dame_salut_des_infirmes_2-300x169.jpg 300w, https:\/\/test4.mi-backup.ch\/wp-content\/uploads\/2020\/05\/notre_dame_salut_des_infirmes_2-768x432.jpg 768w, https:\/\/test4.mi-backup.ch\/wp-content\/uploads\/2020\/05\/notre_dame_salut_des_infirmes_2-425x239.jpg 425w, https:\/\/test4.mi-backup.ch\/wp-content\/uploads\/2020\/05\/notre_dame_salut_des_infirmes_2-600x338.jpg 600w\" sizes=\"(max-width: 800px) 100vw, 800px\" \/><\/p>\r\n<p>Marija Posrednica svih milosti<br \/><br \/>Na blagdan Navje\u0161tenja, 25. o\u017eujka 2020., kardinal Antonio Marto, biskup Fatime Leiria, posvetio je Portugal, \u0160panjolsku i 22 druge dr\u017eave sjedinjenim Srcima Isusa i Marije kako bi zamolio zagovor Bezgre\u0161noga Marijinoga Srca protiv pandemije.<br \/><br \/><br \/>Stoga se u toj nevolji prisjetio molbe male Jacinte, koja je prije svoje smrti ozbiljno upozorila: \u201eRecite svima da nam Bog \u017eeli dodijeliti svoje milosti po Bezgrje\u0161nomu Marijinomu Srcu; treba sve tra\u017eiti od Nje; potrebno je zamoliti mir od Marijinoga Srca, jer Joj je Bog sve povjerio.\u201d<br \/><br \/>Covid-19, kazna Bo\u017eja?<br \/><br \/>13. srpnja 1917. godine Marija je upozorila svijet: \u201eAko ljudi ne prestanu vrije\u0111ati Boga, zapo\u010det \u0107e jo\u0161 jedan, jo\u0161 gori rat&#8230; Bog \u0107e kazniti svijet zbog njegovih zlo\u010dina ratom, gladi, progonom Crkve i Svetoga Oca&#8230; \u201dAli ljudi nisu prestali ozbiljno vrije\u0111ati Boga; naprotiv, otpadni\u0161tvom, bogohuljenjem i nepo\u0161tivanjem svih zapovijedi prezreli su Boga. Ova namjerna neposlu\u0161nost nije ni\u0161ta drugo do prikrivena mr\u017enja prema Bogu koji je slu\u017ebeno napu\u0161ten od \u010ditavih naroda.<br \/><br \/>U zavjetnoj Misi za obranu od zaraznih bolesti, Recordare, Domine (br. 23 u Rimskom misalu), ponavlja se spominjanje Bo\u017ejega gnjeva, koji, kako bi potaknuo gre\u0161nike na pokajanje, ka\u017enjava ih epidemijama, gla\u0111u i ratom, i On uklanja te kazne \u010dim se ljudi obrate. Ova se misao danas \u017eestoko odbacuje jer se ne uklapa u modernu sliku Boga u umovima ljudi.<br \/><br \/>\u0160to je gnjev Bo\u017eji?<br \/><br \/>Gnjev Bo\u017eji ne mo\u017ee se usporediti s ljudskim bijesom koji proizlazi iz nedostatka kontrole, ve\u0107 naprotiv, to je izraz Bo\u017eje ljubavi. Poput ljubeznoga oca, Bog najprije opominje dobrotom svoju djecu. Me\u0111utim, ako se ta blagost zanemari, Otac mora zazvu\u010dati glasnije i zaprijetiti kaznom kako bi djeca postala svjesna da je to ozbiljno. Na taj na\u010din Bog, iz ljubezne brige za nas ljudska bi\u0107a, pribjegava i ovom posljednjem na\u010dinu kazne, kako bi nas, Njegovu djecu, potaknuo na pokajanje da nas mo\u017ee spasiti.<br \/><br \/>U svoj stvarnosti, mnogo stra\u0161nije kazne zaslu\u017eeno bi odgovarale pravednom gnjevu Bo\u017ejemu, ali pojavljuje se samo ovaj mali virus. \u0160to se dogodilo? \u010cini se da je ovo nje\u017ena intervencija maj\u010dinske ljubavi, o\u010dito Gospe. Ona \u017eeli \u010dovje\u010danstvu jo\u0161 jednom pru\u017eiti posljednju priliku da ovu nesre\u0107u, koju su primijetili svi narodi, shvatimo ozbiljno kao upozorenje. Od Drugoga svjetskoga rata \u010dovje\u010danstvo je uvijek bilo u usponu zbog rastu\u0107ega prosperiteta i napretka tehnologije. Ljudi su se osjetili toliko sigurno da su zapravo zaboravili Boga. Nakon 75 godina, ovo \u0161to se danas doga\u0111a prvi je \u0161ok koji je pogodio cijeli svijet i trebao bi dovesti do ozbiljnoga promi\u0161ljanja. To milosno razdoblje dugujemo maj\u010dinskomu Srcu Marijinomu.<br \/><br \/>Ponovno otkrivanje Krunice<br \/><br \/>Na mnogim su mjestima crkve bile doslovno zatvorene, tako da nitko nije imao pristup sakramentima. Dakle, na\u0161i vjernici ostali su s Krunicom, koju nam nitko ne mo\u017ee oduzeti. Krunica ne slu\u017ei samo kao molitva pro\u0161nje, ve\u0107 i kao pomo\u0107 u kontemplaciji i produbljivanju otajstava spasenja i, op\u0107enito, kao lanac povezanosti s nebom. Na taj na\u010din poruka Fatime postaje va\u017enija nego ikad u ovom vremenu krize Covid-19!<br \/><br \/>Izvor: <a href=\"https:\/\/fsspx.news\/en\/news-events\/news\/pandemia-and-fatima-58090\" class=\"broken_link\" target=\"_blank\" rel=\"noopener\">fsspx.news<\/a><\/p>\r\n","protected":false},"excerpt":{"rendered":"<p>Marija Posrednica svih milosti Na blagdan Navje\u0161tenja, 25. o\u017eujka 2020., kardinal Antonio Marto, biskup Fatime Leiria, posvetio je Portugal, \u0160panjolsku i 22 druge dr\u017eave sjedinjenim Srcima Isusa i Marije kako bi zamolio zagovor Bezgre\u0161noga Marijinoga Srca protiv pandemije. Stoga se u toj nevolji prisjetio molbe male Jacinte, koja je prije<a class=\"more-link\" href=\"https:\/\/test4.mi-backup.ch\/hr\/pandemija-i-fatima\/\">Pro\u010ditaj vi\u0161e &rarr;<\/a><\/p>\n","protected":false},"author":9,"featured_media":28394,"comment_status":"closed","ping_status":"closed","sticky":false,"template":"","format":"standard","meta":[],"categories":[5],"tags":[],"_links":{"self":[{"href":"https:\/\/test4.mi-backup.ch\/hr\/wp-json\/wp\/v2\/posts\/28366"}],"collection":[{"href":"https:\/\/test4.mi-backup.ch\/hr\/wp-json\/wp\/v2\/posts"}],"about":[{"href":"https:\/\/test4.mi-backup.ch\/hr\/wp-json\/wp\/v2\/types\/post"}],"author":[{"embeddable":true,"href":"https:\/\/test4.mi-backup.ch\/hr\/wp-json\/wp\/v2\/users\/9"}],"replies":[{"embeddable":true,"href":"https:\/\/test4.mi-backup.ch\/hr\/wp-json\/wp\/v2\/comments?post=28366"}],"version-history":[{"count":2,"href":"https:\/\/test4.mi-backup.ch\/hr\/wp-json\/wp\/v2\/posts\/28366\/revisions"}],"predecessor-version":[{"id":28402,"href":"https:\/\/test4.mi-backup.ch\/hr\/wp-json\/wp\/v2\/posts\/28366\/revisions\/28402"}],"wp:featuredmedia":[{"embeddable":true,"href":"https:\/\/test4.mi-backup.ch\/hr\/wp-json\/wp\/v2\/media\/28394"}],"wp:attachment":[{"href":"https:\/\/test4.mi-backup.ch\/hr\/wp-json\/wp\/v2\/media?parent=28366"}],"wp:term":[{"taxonomy":"category","embeddable":true,"href":"https:\/\/test4.mi-backup.ch\/hr\/wp-json\/wp\/v2\/categories?post=28366"},{"taxonomy":"post_tag","embeddable":true,"href":"https:\/\/test4.mi-backup.ch\/hr\/wp-json\/wp\/v2\/tags?post=28366"}],"curies":[{"name":"wp","href":"https:\/\/api.w.org\/{rel}","templated":true}]}}