{"id":10698,"date":"2018-05-18T19:02:01","date_gmt":"2018-05-18T17:02:01","guid":{"rendered":"https:\/\/test4.mi-backup.ch\/?p=10698"},"modified":"2018-05-20T20:28:04","modified_gmt":"2018-05-20T18:28:04","slug":"relacja-ze-zlotu-mi-dla-dziewczat-poznan-2018-04","status":"publish","type":"post","link":"https:\/\/test4.mi-backup.ch\/pl\/relacja-ze-zlotu-mi-dla-dziewczat-poznan-2018-04\/","title":{"rendered":"Relacja ze zlotu Rycerstwa Niepokalanej dla dziewcz\u0105t w wieku od 11 lat, Pozna\u0144 20\u201322.04.2018"},"content":{"rendered":"<h3>Relacja ze zlotu Rycerstwa Niepokalanej dla dziewcz\u0105t w wieku od 11 lat, Pozna\u0144 20\u201322.04.2018<\/h3>\n<p>W weekend 20-22.04.18, kolejny ju\u017c raz, pozna\u0144ska kaplica go\u015bci\u0142a pod swoim dachem grupk\u0119 Rycerek MI, pod opiek\u0105 Brata Maksymiliana oraz Ksi\u0119dza Dawida Wierzyckiego. 12-sto osobowa grupa, pod przewodnictwem Brata oraz Pani Joanny Kaczmarskiej, zawsze ch\u0119tnej do pomocy podczas podobnych inicjatyw, wyruszy\u0142a poci\u0105giem w kierunku Poznania. Pozytywne nastawienie, m\u0142ody, dziarski duch oraz dobry humor, towarzyszy\u0142y podr\u00f3\u017cuj\u0105cym a\u017c do samego celu drogi.<\/p>\n<p>Po przybyciu do kaplicy, Rycerki zjad\u0142y wsp\u00f3lnie kolacj\u0119 oraz wys\u0142ucha\u0142y kr\u00f3tkiego wyk\u0142adu, przygotowanego przez Brata Maksa na temat ozi\u0119b\u0142o\u015bci. Jak wiadomo, ka\u017cda Rycerka musi pami\u0119ta\u0107 o tym jak wa\u017cna w \u017cyciu cz\u0142owieka jest praca nad sob\u0105. W tym konkretny przypadku, Brat Maksymilian s\u0142u\u017cy\u0142 praktycznymi gotowymi radami, w jaki spos\u00f3b nale\u017cy zwalcza\u0107 w sobie to uczucie i duchowe rozleniwienie. Dalszy pi\u0105tkowy wiecz\u00f3r up\u0142yn\u0105\u0142 aktywnie na zabawie w ziemniaka, do kt\u00f3rej z wielkim zapa\u0142em i ochot\u0105 przy\u0142\u0105czy\u0142a si\u0119 r\u00f3wnie\u017c i kadra.<\/p>\n<figure id=\"attachment_10833\" aria-describedby=\"caption-attachment-10833\" style=\"width: 225px\" class=\"wp-caption alignright\"><a href=\"https:\/\/test4.mi-backup.ch\/wp-content\/uploads\/2018\/05\/20180422_114035.jpg\"><img loading=\"lazy\" class=\"wp-image-10833 size-medium\" src=\"https:\/\/test4.mi-backup.ch\/wp-content\/uploads\/2018\/05\/20180422_114035-225x300.jpg\" alt=\"\" width=\"225\" height=\"300\" srcset=\"https:\/\/test4.mi-backup.ch\/wp-content\/uploads\/2018\/05\/20180422_114035-225x300.jpg 225w, https:\/\/test4.mi-backup.ch\/wp-content\/uploads\/2018\/05\/20180422_114035-768x1024.jpg 768w, https:\/\/test4.mi-backup.ch\/wp-content\/uploads\/2018\/05\/20180422_114035-413x550.jpg 413w, https:\/\/test4.mi-backup.ch\/wp-content\/uploads\/2018\/05\/20180422_114035-600x800.jpg 600w\" sizes=\"(max-width: 225px) 100vw, 225px\" \/><\/a><figcaption id=\"caption-attachment-10833\" class=\"wp-caption-text\">Podczas zlotu grono Rycerzy poszerzy\u0142a jedna z uczestniczek<\/figcaption><\/figure>\n<p>Sobotni poranek rozpocz\u0119li\u015bmy Msz\u0105 \u015awi\u0119t\u0105, wdra\u017caj\u0105c w \u017cycie jeden ze wspomnianych podczas wyk\u0142adu, \u015brodk\u00f3w przeciw ozi\u0119b\u0142o\u015bci. W planach na dzisiejszy dzie\u0144 by\u0142a wizyta w ZOO, ku uciesze wszystkich. Do wyprawy przy\u0142\u0105czy\u0142y si\u0119 r\u00f3wnie\u017c pozna\u0144skie dzieci z Krucjaty Eucharystycznej oraz Rycerki i ju\u017c w powi\u0119kszonym, 18-nasto osobowym sk\u0142adzie ruszyli\u015bmy w d\u0142ug\u0105 podr\u00f3\u017c autobusem. Pogoda jak na zam\u00f3wienie, sprzyja\u0142a w\u0119dr\u00f3wce po ZOO. Wszyscy mogli podziwia\u0107 rozmaite gatunki egzotycznych zwierz\u0105t, znanych b\u0105d\u017a mniej znanych. W\u015br\u00f3d napotkanych okaz\u00f3w, najwi\u0119ksz\u0105 sympati\u0105 oraz powodzeniem cieszy\u0142 si\u0119\u2026. leniwiec, kt\u00f3ry ze stoickim spokojem wita\u0142 nadchodz\u0105cych przybysz\u00f3w. Podczas zwiedzania, przewidziany by\u0142 tak\u017ce obiad na terenie ZOO. Przedstawiciele duchowie\u0144stwa, niestrudzenie przemierzali alejki i dr\u00f3\u017cki ogrodu zoologicznego pieszo, a to prawie 120 hektar\u00f3w, podczas gdy Rycerki, na drog\u0119 powrotn\u0105 z ZOO wybra\u0142y si\u0119 lokaln\u0105 kolejk\u0105. Po powrocie do kaplicy, wiecz\u00f3r up\u0142yn\u0105\u0142 w mi\u0142ej, spokojnej atmosferze na wsp\u00f3lnej kolacji oraz grach integracyjnych.<\/p>\n<p>Niedziela jest zawsze dniem dope\u0142niaj\u0105cym Zlot Rycerstwa. Z nostalgi\u0105 patrzy si\u0119 wtedy w przesz\u0142o\u015b\u0107 i wspomina minione spotkanie, a z rado\u015bci\u0105 i zapa\u0142em spogl\u0105da w przysz\u0142o\u015b\u0107 i na kolejne Zloty, z kt\u00f3rych zawsze wynosi si\u0119 tyle dobrych owoc\u00f3w. Jednym z nich s\u0105 nowi cz\u0142onkowie, kt\u00f3rych tym razem r\u00f3wnie\u017c nie zabrak\u0142o.<\/p>\n<p>Karolina<\/p>\n<p><a href=\"https:\/\/www.icloud.com\/sharedalbum\/#B0VGfnH8tJFMm9L\" target=\"_blank\" rel=\"noopener\">Obejrzyj fotorelacj\u0119<\/a><\/p>\n","protected":false},"excerpt":{"rendered":"<p>Relacja ze zlotu Rycerstwa Niepokalanej dla dziewcz\u0105t w wieku od 11 lat, Pozna\u0144 20\u201322.04.2018 W weekend 20-22.04.18, kolejny ju\u017c raz, pozna\u0144ska kaplica go\u015bci\u0142a pod swoim dachem grupk\u0119 Rycerek MI, pod opiek\u0105 Brata Maksymiliana oraz Ksi\u0119dza Dawida Wierzyckiego. 12-sto osobowa grupa, pod przewodnictwem Brata oraz Pani Joanny Kaczmarskiej, zawsze ch\u0119tnej do<a class=\"more-link\" href=\"https:\/\/test4.mi-backup.ch\/pl\/relacja-ze-zlotu-mi-dla-dziewczat-poznan-2018-04\/\">Czytaj dalej &rarr;<\/a><\/p>\n","protected":false},"author":9,"featured_media":10703,"comment_status":"closed","ping_status":"closed","sticky":false,"template":"","format":"standard","meta":[],"categories":[419],"tags":[],"_links":{"self":[{"href":"https:\/\/test4.mi-backup.ch\/pl\/wp-json\/wp\/v2\/posts\/10698"}],"collection":[{"href":"https:\/\/test4.mi-backup.ch\/pl\/wp-json\/wp\/v2\/posts"}],"about":[{"href":"https:\/\/test4.mi-backup.ch\/pl\/wp-json\/wp\/v2\/types\/post"}],"author":[{"embeddable":true,"href":"https:\/\/test4.mi-backup.ch\/pl\/wp-json\/wp\/v2\/users\/9"}],"replies":[{"embeddable":true,"href":"https:\/\/test4.mi-backup.ch\/pl\/wp-json\/wp\/v2\/comments?post=10698"}],"version-history":[{"count":6,"href":"https:\/\/test4.mi-backup.ch\/pl\/wp-json\/wp\/v2\/posts\/10698\/revisions"}],"predecessor-version":[{"id":10842,"href":"https:\/\/test4.mi-backup.ch\/pl\/wp-json\/wp\/v2\/posts\/10698\/revisions\/10842"}],"wp:featuredmedia":[{"embeddable":true,"href":"https:\/\/test4.mi-backup.ch\/pl\/wp-json\/wp\/v2\/media\/10703"}],"wp:attachment":[{"href":"https:\/\/test4.mi-backup.ch\/pl\/wp-json\/wp\/v2\/media?parent=10698"}],"wp:term":[{"taxonomy":"category","embeddable":true,"href":"https:\/\/test4.mi-backup.ch\/pl\/wp-json\/wp\/v2\/categories?post=10698"},{"taxonomy":"post_tag","embeddable":true,"href":"https:\/\/test4.mi-backup.ch\/pl\/wp-json\/wp\/v2\/tags?post=10698"}],"curies":[{"name":"wp","href":"https:\/\/api.w.org\/{rel}","templated":true}]}}