{"id":10711,"date":"2018-05-18T19:40:45","date_gmt":"2018-05-18T17:40:45","guid":{"rendered":"https:\/\/test4.mi-backup.ch\/?p=10711"},"modified":"2018-05-18T19:47:03","modified_gmt":"2018-05-18T17:47:03","slug":"rycerz-niepokalanej-nr-11-w-jezyku-angielskim","status":"publish","type":"post","link":"https:\/\/test4.mi-backup.ch\/pl\/rycerz-niepokalanej-nr-11-w-jezyku-angielskim\/","title":{"rendered":"\u201eRycerz Niepokalanej\u201c nr 11 w j\u0119zyku angielskim"},"content":{"rendered":"<figure id=\"attachment_10721\" aria-describedby=\"caption-attachment-10721\" style=\"width: 211px\" class=\"wp-caption alignright\"><img loading=\"lazy\" class=\"wp-image-10721 size-medium\" src=\"https:\/\/test4.mi-backup.ch\/wp-content\/uploads\/2018\/05\/knight-2018-no-11-211x300.png\" alt=\"\" width=\"211\" height=\"300\" srcset=\"https:\/\/test4.mi-backup.ch\/wp-content\/uploads\/2018\/05\/knight-2018-no-11-211x300.png 211w, https:\/\/test4.mi-backup.ch\/wp-content\/uploads\/2018\/05\/knight-2018-no-11-386x550.png 386w, https:\/\/test4.mi-backup.ch\/wp-content\/uploads\/2018\/05\/knight-2018-no-11.png 578w\" sizes=\"(max-width: 211px) 100vw, 211px\" \/><figcaption id=\"caption-attachment-10721\" class=\"wp-caption-text\"><a href=\"https:\/\/test4.mi-backup.ch\/wp-content\/uploads\/2018\/05\/knight_no-11_web.pdf\" target=\"_blank\" rel=\"noopener\">Kliknij tutaj, aby pobra\u0107 plik PDF<\/a><\/figcaption><\/figure>\n<p>Niedawno ukaza\u0142 si\u0119 nowy numer angloj\u0119zycznego czasopisma Knight of the Immaculate. Temat przewodni numeru brzmi: \u201eprzez Niepokalan\u0105 do Naj\u015bwi\u0119tszego Serca Jezusa\u201d. Do tematyki wprowadza mi\u0119dzynarodowy moderator Rycerstwa Niepokalanej Tradycyjnej Obserwancji, ks. Karol Stehlin. W artykule wst\u0119pnym ks. Karol podkre\u015bla znaczenie Niepokalanego Serca Maryi jako po\u015brednika do Naj\u015bwi\u0119tszego Serca Pana Jezusa. O \u015bcis\u0142ym zwi\u0105zku mi\u0119dzy Sercem Maryi i Sercem Jezusowym m\u00f3wi\u0142 cz\u0119sto \u015bw. Maksymilian Maria Kolbe, o czym mo\u017cna dowiedzie\u0107 si\u0119 z jednego z kolejnych tekst\u00f3w. Nowy numer czasopisma zawiera ponadto przemy\u015blenia \u015bw. Maksymiliana o miesi\u0105cu maju jako miesi\u0105cu Maryi. W drugiej cz\u0119\u015bci numeru znalaz\u0142y si\u0119 bie\u017c\u0105ce wiadomo\u015bci z \u017cycia MI na \u015bwiecie, w\u015br\u00f3d nich informacja o osobach nowo przyj\u0119tych do grona Rycerzy w chorzowskiej kaplicy FSSPX przez ks. \u0141ukasza Szyd\u0142owskiego.<\/p>\n<p>Na pocz\u0105tku pisma znajdujemy \u017cyczenia, a tak\u017ce podzi\u0119kowania od rycerzy Niepokalanej z ca\u0142ego \u015bwiata, skierowane do \u201eojca dyrektora\u201d ks. Karola Stehlina z okazji jubileuszu 30\u2013lecia \u015bwi\u0119ce\u0144 kap\u0142a\u0144skich o nast\u0119puj\u0105cej tre\u015bci:<\/p>\n<p>29 czerwca 1988 \u2013 29 czerwca 2018<\/p>\n<blockquote><p>Drogi Ojcze,<\/p>\n<p>z okazji jubileuszu 30. rocznicy \u015bwi\u0119ce\u0144 kap\u0142a\u0144skich rycerze Niepokalanej z ca\u0142ego \u015bwiata pragn\u0105 z\u0142o\u017cy\u0107 Ci najserdeczniejsze \u017cyczenia. \u017byczymy b\u0142ogos\u0142awie\u0144stwa Chrystusa \u2013 Najwy\u017cszego Kap\u0142ana, wszelkiego wsparcia i \u015brodk\u00f3w, jakich potrzebujesz, aby wype\u0142nia\u0107 wol\u0119 Niepokalanej i opieki \u015bw. Maksymiliana. Niech Niepokalana prowadzi Ci\u0119 po apostolskiej \u015bcie\u017cce, by zdoby\u0107 dla NIEJ ca\u0142y \u015bwiat!<\/p><\/blockquote>\n<p>oraz podzi\u0119kowania:<\/p>\n<blockquote><p>Drogi Ojcze,<\/p>\n<p>chcieliby\u015bmy podzi\u0119kowa\u0107 Ci za Tw\u00f3j przyk\u0142ad, Twoj\u0105 si\u0142\u0119 i determinacj\u0119 w prowadzeniu wszystkich do Chrystusa, jedynego Zbawiciela, przez Jego Naj\u015bwi\u0119tsz\u0105 Matk\u0119. Chcieliby\u015bmy podzi\u0119kowa\u0107 Ci za ogrom mi\u0142o\u015bci, kt\u00f3r\u0105 \u017cywisz dla NIEJ i kt\u00f3r\u0105 chcesz rozpala\u0107 w sercach wiernych gdziekolwiek Ci\u0119 Ona po\u015ble: jako misjonarz w Afryce, prze\u0142o\u017cony Bractwa w Europie Wschodniej, a obecnie w Azji oraz gdziekolwiek udasz si\u0119 jako Dyrektor Rycerstwa Niepokalanej T. O., czy to b\u0119dzie P\u00f3\u0142nocna i Po\u0142udniowa Ameryka, Europa Zachodnia czy te\u017c Australia.<\/p><\/blockquote>\n<p>Rycerze Niepokalanej Tradycyjnej Obserwancji<\/p>\n","protected":false},"excerpt":{"rendered":"<p>Niedawno ukaza\u0142 si\u0119 nowy numer angloj\u0119zycznego czasopisma Knight of the Immaculate. Temat przewodni numeru brzmi: \u201eprzez Niepokalan\u0105 do Naj\u015bwi\u0119tszego Serca Jezusa\u201d. Do tematyki wprowadza mi\u0119dzynarodowy moderator Rycerstwa Niepokalanej Tradycyjnej Obserwancji, ks. Karol Stehlin. W artykule wst\u0119pnym ks. Karol podkre\u015bla znaczenie Niepokalanego Serca Maryi jako po\u015brednika do Naj\u015bwi\u0119tszego Serca Pana Jezusa.<a class=\"more-link\" href=\"https:\/\/test4.mi-backup.ch\/pl\/rycerz-niepokalanej-nr-11-w-jezyku-angielskim\/\">Czytaj dalej &rarr;<\/a><\/p>\n","protected":false},"author":9,"featured_media":10713,"comment_status":"closed","ping_status":"closed","sticky":false,"template":"","format":"standard","meta":[],"categories":[1],"tags":[],"_links":{"self":[{"href":"https:\/\/test4.mi-backup.ch\/pl\/wp-json\/wp\/v2\/posts\/10711"}],"collection":[{"href":"https:\/\/test4.mi-backup.ch\/pl\/wp-json\/wp\/v2\/posts"}],"about":[{"href":"https:\/\/test4.mi-backup.ch\/pl\/wp-json\/wp\/v2\/types\/post"}],"author":[{"embeddable":true,"href":"https:\/\/test4.mi-backup.ch\/pl\/wp-json\/wp\/v2\/users\/9"}],"replies":[{"embeddable":true,"href":"https:\/\/test4.mi-backup.ch\/pl\/wp-json\/wp\/v2\/comments?post=10711"}],"version-history":[{"count":5,"href":"https:\/\/test4.mi-backup.ch\/pl\/wp-json\/wp\/v2\/posts\/10711\/revisions"}],"predecessor-version":[{"id":10740,"href":"https:\/\/test4.mi-backup.ch\/pl\/wp-json\/wp\/v2\/posts\/10711\/revisions\/10740"}],"wp:featuredmedia":[{"embeddable":true,"href":"https:\/\/test4.mi-backup.ch\/pl\/wp-json\/wp\/v2\/media\/10713"}],"wp:attachment":[{"href":"https:\/\/test4.mi-backup.ch\/pl\/wp-json\/wp\/v2\/media?parent=10711"}],"wp:term":[{"taxonomy":"category","embeddable":true,"href":"https:\/\/test4.mi-backup.ch\/pl\/wp-json\/wp\/v2\/categories?post=10711"},{"taxonomy":"post_tag","embeddable":true,"href":"https:\/\/test4.mi-backup.ch\/pl\/wp-json\/wp\/v2\/tags?post=10711"}],"curies":[{"name":"wp","href":"https:\/\/api.w.org\/{rel}","templated":true}]}}