{"id":10877,"date":"2018-05-23T22:44:44","date_gmt":"2018-05-23T20:44:44","guid":{"rendered":"https:\/\/test4.mi-backup.ch\/?p=10877"},"modified":"2018-05-28T18:59:48","modified_gmt":"2018-05-28T16:59:48","slug":"24-maja-nmp-wspomozycielki-wiernych","status":"publish","type":"post","link":"https:\/\/test4.mi-backup.ch\/pl\/24-maja-nmp-wspomozycielki-wiernych\/","title":{"rendered":"24 maja \u2014 NMP Wspomo\u017cycielki Wiernych"},"content":{"rendered":"<p>W maju podczas wieczornych nabo\u017ce\u0144stw rozbrzmiewa Litania Loreta\u0144ska. Po\u015br\u00f3d wielu wezwa\u0144 Naj\u015bwi\u0119tsza Dziewica przyzywana jest jako\u00a0<em>Auxilium Christianorum\u00a0<\/em>\u2014 Wspomo\u017cenie wiernych.<br \/>\nWezwanie \u201eWspomo\u017cenie wiernych, m\u00f3dl si\u0119 za nami\u201d do Litanii Loreta\u0144skiej w\u0142\u0105czy\u0142 papie\u017c Pius\u00a0V, jako podzi\u0119kowanie za zwyci\u0119stwo nad Turkami pod Lepanto w\u00a0dniu 7 pa\u017adziernika 1571\u00a0r.<\/p>\n<p>W\u00a0Tradycji Ko\u015bcio\u0142a kult Matki Bo\u017cej jako Or\u0119downiczki i\u00a0Wspomo\u017cycielki by\u0142 \u017cywy od pierwszych wiek\u00f3w chrze\u015bcija\u0144stwa, kiedy to wierni z\u00a0ufno\u015bci\u0105 uciekali si\u0119 do Niej we wszystkich potrzebach. Doktorzy Ko\u015bcio\u0142a (\u015bw.\u00a0Efrem, \u015bw. Grzegorz z\u00a0Nazjanzu) ju\u017c w\u00a0IV w. pisali o\u00a0Maryi jako Or\u0119downiczce i\u00a0Wspomo\u017cycielce dla grzesznik\u00f3w i\u00a0nieszcz\u0119\u015bliwych, okre\u015blali J\u0105 jako nieustann\u0105 i\u00a0pot\u0119\u017cn\u0105 Wspomo\u017cycielk\u0119.<\/p>\n<p><strong>\u201e<\/strong><strong>Cokolwiek wam powie, czy\u0144cie\u201d<\/strong><br \/>\nPierwszym, kt\u00f3ry przedstawia Maryj\u0119 jako Wspomo\u017cycielk\u0119, jest \u015bw. Jan Ewangelista. Opisuj\u0105c cud w\u00a0Kanie Galilejskiej nie u\u017cywa s\u0142\u00f3w \u201eWspomo\u017cycielka\u201d, czy \u201eOr\u0119downiczka\u201d, jednak wyra\u017anie podkre\u015bla, \u017ce to dzi\u0119ki wstawiennictwu swojej Matki Chrystus dokona\u0142 cudu. Naj\u015bwi\u0119tsza Maryja Panna pierwsza dostrzeg\u0142a niedostatek. Zanim ktokolwiek zauwa\u017cy\u0142, \u017ce brakuje wina, zanim pr\u00f3bowa\u0142 znale\u017a\u0107 rozwi\u0105zanie problemu, Maryja zwraca si\u0119 do swojego Syna: \u201eWina nie maj\u0105\u201d. Nie informuje Go, bo przecie\u017c Syn Bo\u017cy doskonale wie, \u017ce gospodarze wesela s\u0105 w\u00a0potrzebie. Maryja prosi, by Jezus skierowa\u0142 Sw\u00f3j wzrok na ten niedostatek, o\u00a0kt\u00f3rym jeszcze nie wiedz\u0105 ani gospodarze, ani go\u015bcie wesela. Wspomaga i\u00a0or\u0119duje w\u00a0ich potrzebie. Jeden ze \u015bwi\u0119tych \u201enazwa\u0142 Maryj\u0119 Pann\u0119 ca\u0142\u0105 okiem, bo widzi nasze potrzeby. Ale m\u00f3g\u0142 J\u0105 te\u017c nazwa\u0107 ca\u0142\u0105 sercem, bo na ich widok wsp\u00f3\u0142czuje; m\u00f3g\u0142 niemniej powiedzie\u0107, \u017ce jest ca\u0142\u0105 r\u0119k\u0105, bo nam niesie pomoc\u201d.<\/p>\n<p>Pomimo wydawa\u0142oby si\u0119 osch\u0142ej odpowiedzi Pana Jezusa: \u201eCo mnie i\u00a0tobie niewiasto?\u201d, Maryja Panna wierzy, \u017ce Syn Bo\u017cy ulituje si\u0119 nad marno\u015bci\u0105 i\u00a0m\u00f3wi \u201ejego s\u0142ugom: \u00abCokolwiek wam powie, czy\u0144cie\u00bb\u201d. S\u0142owa te s\u0105 s\u0142odkim rozkazem, by zaufa\u0107 Chrystusowi. Zaufa\u0107 szczeg\u00f3lnie wtedy, gdy nie widzi si\u0119 sensu i\u00a0po\u017cytku tego, o\u00a0co prosi Jej Syn. Maryja or\u0119duje i\u00a0wspomaga potrzeby rodzaju ludzkiego, ale te\u017c wymaga, by czyni\u0107 to, co Chrystus zleca; wymaga, by pe\u0142ni\u0107 Jego wol\u0119.<\/p>\n<p><strong>\u015awi\u0119to Maryi Wspomo\u017cycielki wiernych<\/strong><br \/>\nW 1815 r. papie\u017c Pius VII ustanowi\u0142 liturgiczne \u015bwi\u0119to Maryi Wspomo\u017cycielki wiernych na dzie\u0144 24 maja.<\/p>\n<p>By\u0142 to wyraz szczeg\u00f3lnej wdzi\u0119czno\u015bci za wyzwolenie z\u00a0niewoli napoleo\u0144skiej, gdy po blisko 5-letniej nieobecno\u015bci na Stolicy Piotrowej, 24\u00a0maja 1814 r. Ojciec \u015bwi\u0119ty uroczy\u015bcie powr\u00f3ci\u0142 do Rzymu. W\u00a0dekrecie wprowadzaj\u0105cym \u015bwi\u0119to papie\u017c stwierdza, \u017ce \u201edo\u015bwiadczy\u0142 \u00abprzepot\u0119\u017cnej pomocy B\u0142ogos\u0142awionej Dziewicy Maryi\u00bb w\u00a0swoich utrapieniach, cierpieniach i\u00a0smutkach; \u017ce w\u0142a\u015bnie Jej wstawiennictwu przypisuje \u00abszcz\u0119\u015bliwy (\u2026) powr\u00f3t do \u015bwi\u0119tego Miasta, z\u00a0kt\u00f3rego zosta\u0142 niegodnie usuni\u0119ty\u00bb; i\u00a0dlatego postanowi\u0142 ten tytu\u0142\u00a0<em>Auxilium Christianorum<\/em>\u00a0(\u2026) uczci\u0107 nowym \u015bwi\u0119tem i\u00a0w\u0142asnym officium, \u00ababy da\u0107 wieczne \u015bwiadectwo duchowej wdzi\u0119czno\u015bci wobec Najchwalebniejszej Dziewicy, kt\u00f3ra niespodziewanie jemu i\u00a0ca\u0142emu ludowi chrze\u015bcija\u0144skiemu przysz\u0142a z\u00a0pomoc\u0105\u00bb, pozwalaj\u0105c mu na ponowne obj\u0119cie Stolicy Piotrowej\u201d.<br \/>\nPocz\u0105tkowo \u015bwi\u0119to obchodzono jedynie w\u00a0Rzymie i\u00a0Pa\u0144stwie Ko\u015bcielnym. Centrum kultu Wspomo\u017cycielki by\u0142a rzymska bazylika Santa Maria sopra Minerva, gdzie gorliwymi czcicielami Maryi byli duchowi synowie \u015bw. Dominika.<\/p>\n<p>W Polsce obchody \u015bwi\u0119ta zapocz\u0105tkowali kapucyni, kt\u00f3rzy w\u00a01821\u00a0r. otrzymali zgod\u0119 rzymskiej Kongregacji Ryt\u00f3w na w\u0142\u0105czenie \u015bwi\u0119ta do ich kalendarza zakonnego. Od po\u0142owy XIX w. zacz\u0119to obchodzi\u0107 \u015bwi\u0119to r\u00f3wnie\u017c w\u00a0diecezjach polskich.<\/p>\n<p><strong>Szczeg\u00f3lny czciciel<\/strong><br \/>\nSzczeg\u00f3lne nabo\u017ce\u0144stwo do Maryi Wspomo\u017cycielki mia\u0142 \u015bw.\u00a0Jan Bosko, kt\u00f3ry zwyk\u0142 mawia\u0107: \u201eZaufajcie Maryi Wspomo\u017cycielce, a\u00a0zobaczycie, co to s\u0105 cuda\u201d. Wielokrotnie te\u017c podkre\u015bla\u0142, \u017ce ani jedno wezwanie \u201eMaryjo, Wspomo\u017cenie wiernych m\u00f3dl si\u0119 za\u00a0nami\u201d nie pozostanie bez odpowiedzi. Jego pe\u0142na ufno\u015bci, mi\u0142o\u015bci i\u00a0pokory postawa wobec Niepokalanej sprawia, \u017ce Matka prowadzi\u0142a go drog\u0105 Jezusa w\u00a0pracy nad tworzeniem wszystkich dzie\u0142. To Ona wskazywa\u0142a, jak wychowywa\u0107 m\u0142odzie\u017c; poleca za\u0142o\u017cy\u0107 m\u0119skie i\u00a0\u017ce\u0144skie zgromadzenia zakonne; wreszcie wspiera\u0142a budow\u0119 ko\u015bcio\u0142a pod wezwaniem Maryi Wspomo\u017cycielki wiernych. \u201eTo nie ja jestem sprawc\u0105 \u2014 ci\u0105gle o\u015bwiadcza\u0142 \u2014 tych wielkich rzeczy. To B\u00f3g i\u00a0Maryja Naj\u015bwi\u0119tsza zechcieli si\u0119 pos\u0142u\u017cy\u0107 biednym ksi\u0119dzem, aby tego dokona\u0107\u201d.<br \/>\nB\u00f3g i\u00a0Maryja zechcieli si\u0119 pos\u0142u\u017cy\u0107 ks. Bosko, a\u00a0on by\u0142 pos\u0142uszny, podobnie, jak s\u0142udzy w\u00a0Kanie Galilejskiej, gdy wbrew logice nape\u0142nili st\u0105gwie wod\u0105 a\u017c po brzegi. Czyn \u00f3w by\u0142 znakiem bezgranicznej ufno\u015bci i\u00a0pe\u0142nego prostoty aktu uczynienia tego, czego pragnie Zbawiciel, wype\u0142nienia Jego woli na pro\u015bb\u0119 Niepokalanej.<br \/>\nSpe\u0142nienie pro\u015bby Niepokalanej nawet w\u00a0najbardziej prozaicznych i\u00a0wydawa\u0107 by si\u0119 mog\u0142o nic nieznacz\u0105cych sytuacjach przygotowuje dusz\u0119 do podj\u0119cia odpowiedzialnych zada\u0144. Te drobne sprawy s\u0105 niejako pr\u00f3b\u0105 dla duszy, by w\u00a0odpowiednim czasie mog\u0142a by\u0107 narz\u0119dziem Niepokalanej w\u00a0czynieniu wielkich dzie\u0142.<br \/>\nTak\u0105 postaw\u0119 przyj\u0105\u0142 ksi\u0105dz Bosko; do swoich wychowank\u00f3w m\u00f3wi\u0142: \u201eDobrze poznane plany Bo\u017ce pchaj\u0105 mnie zawsze naprz\u00f3d i\u00a0dlatego ani przeciwno\u015bci, ani prze\u015bladowania, ani najsro\u017csze trudno\u015bci nie odbieraj\u0105 mi odwagi\u201d.<\/p>\n<p><strong>Niepokalana Wspomo\u017cycielka<\/strong><br \/>\nKsi\u0105dz Bosko Matk\u0119 Bo\u017c\u0105 nazywa Niepokalan\u0105 Wspomo\u017cycielk\u0105. Jego biografowie twierdz\u0105, \u017ce nie rozdziela nigdy imienia Wspomo\u017cycielki od Niepokalanej i\u00a0odwrotnie od dnia 26 maja 1862\u00a0r., w\u00a0kt\u00f3rym mia\u0142 wizj\u0119 \u201edw\u00f3ch kolumn\u201d.<\/p>\n<p>Tak oto opisuje t\u0119 wizj\u0119 ks. Bosko:<\/p>\n<blockquote><p><strong>Ujrza\u0142em siebie na ma\u0142ej, skalistej wysepce na morzu. Szala\u0142a straszliwa burza. Wtem ujrza\u0142em olbrzymi okr\u0119t, pot\u0119\u017cnie miotany na wszystkie strony. Na nim zobaczy\u0142em Papie\u017ca, kardyna\u0142\u00f3w, biskup\u00f3w, ksi\u0119\u017cy, zakonnik\u00f3w i\u00a0wielu ludzi. I\u00a0zrozumia\u0142em: oznacza to \u015awi\u0119ty Ko\u015bci\u00f3\u0142 Katolicki. Wok\u00f3\u0142 tego wielkiego okr\u0119tu \u2014 Ko\u015bcio\u0142a widzia\u0142em wiele innych pot\u0119\u017cnych okr\u0119t\u00f3w i\u00a0by\u0142y to mniej lub bardziej agresywne statki, kt\u00f3re atakowa\u0142y okr\u0119t Ko\u015bcio\u0142a, wyrz\u0105dzaj\u0105c mu wiele szk\u00f3d. R\u00f3wnocze\u015bnie nieprzyjaciele zarzucali okr\u0119t papieski olbrzymi\u0105 ilo\u015bci\u0105 ksi\u0105\u017cek i\u00a0broszur. W\u00a0czasie szczeg\u00f3lnie gwa\u0142townego ataku zobaczy\u0142em, \u017ce sam Papie\u017c zosta\u0142 ci\u0119\u017cko ranny i\u00a0\u017ce umar\u0142 w\u00a0skutek up\u0142ywu krwi. Jednak znajduj\u0105cy si\u0119 na jego okr\u0119cie kardyna\u0142owie wybrali zaraz nowego Papie\u017ca. Wiadomo\u015b\u0107 o\u00a0\u015bmierci jednego Papie\u017ca i\u00a0o wyborze jego nast\u0119pcy zosta\u0142a natychmiast podana \u015bwiatu. \u00d3w nowy Papie\u017c podj\u0105\u0142 bardzo trudne zadanie. Ci\u0119\u017cko uszkodzony okr\u0119t Ko\u015bcio\u0142a zdawa\u0142 si\u0119 by\u0107 zgubiony wobec szalonej przemocy wrog\u00f3w; s\u0105dzili oni, \u017ce odnie\u015bli zwyci\u0119stwo. Lecz wtedy zobaczy\u0142em, jak nagle z\u00a0ciemno\u015bci i\u00a0wzburzonego morza wy\u0142aniaj\u0105 si\u0119 w\u00a0g\u00f3r\u0119 dwie wspania\u0142e, \u015bwietlane kolumny. Nad pierwsz\u0105 dojrza\u0142em u\u00a0g\u00f3ry unosz\u0105c\u0105 si\u0119 ogromn\u0105, ja\u015bniej\u0105c\u0105 Hosti\u0119, a\u00a0na szczycie kolumny zobaczy\u0142em tablic\u0119 z\u00a0napisem \u00abSalus Credentium\u00bb, to znaczy: \u201eZbawienie wierz\u0105cych\u201d. Na drugiej, nieco mniejszej kolumnie, znajduj\u0105cej si\u0119 troch\u0119 dalej, dojrza\u0142em u\u00a0g\u00f3ry statu\u0119 Niepokalanej Matki Bo\u017cej \u2014 Maryi oraz tablic\u0119 z\u00a0napisem: \u00abAuxilium Christianorum\u00bb, to znaczy: \u201eWspomo\u017cenie wiernych\u201d. Kiedy w\u015br\u00f3d burzy i\u00a0ciemno\u015bci, w\u00a0najwi\u0119kszej potrzebie i\u00a0udr\u0119ce \u2014 rozb\u0142ys\u0142o to cudowne zjawisko \u015bwietlne, wszyscy na okr\u0119cie Ko\u015bcio\u0142a zapa\u0142ali now\u0105 nadziej\u0105. A\u00a0nowo wybrany Papie\u017c wyda\u0142 polecenie, by skierowa\u0107 si\u0119 ku tym dw\u00f3m \u015bwietlanym kolumnom, aby przytwierdzi\u0107 do nich okr\u0119t Ko\u015bcio\u0142a. Kiedy to nast\u0105pi\u0142o, burza uciszy\u0142a si\u0119, ust\u0105pi\u0142y ciemno\u015bci i\u00a0nasta\u0142 wspania\u0142y dzie\u0144. W\u00f3wczas zobaczy\u0142em, jak wrogie okr\u0119ty popad\u0142y w\u00a0najwi\u0119kszy zam\u0119t, zderza\u0142y si\u0119 ze sob\u0105, ton\u0119\u0142y w\u00a0g\u0142\u0119biach w\u00f3d lub wylatywa\u0142y w\u00a0powietrze. Inne oddala\u0142y si\u0119 i\u00a0znika\u0142y z\u00a0pola widzenia. Wielu rozbitk\u00f3w z\u00a0tych zniszczonych okr\u0119t\u00f3w p\u0142ywa\u0142o na szcz\u0105tkach statk\u00f3w, kieruj\u0105c si\u0119 ku nios\u0105cemu ratunek okr\u0119towi Ko\u015bcio\u0142a. Przyjmowano ich tam z\u00a0lito\u015bci\u0105 i\u00a0udzielano im pomocy.<\/strong><\/p><\/blockquote>\n<p>Ksi\u0105dz Jan Bosko by\u0142 g\u0142\u0119boko przekonany, \u017ce do zachowania i\u00a0obrony wiary katolickiej potrzebna jest pomoc Naj\u015bwi\u0119tszej Maryi Panny. W\u00a01884 r., cztery lata przed swoj\u0105 \u015bmierci\u0105 zapytany przez dziennikarza co s\u0105dzi o\u00a0po\u0142o\u017ceniu Ko\u015bcio\u0142a w\u00a0Europie i\u00a0we W\u0142oszech w\u00a0najbli\u017cszej przysz\u0142o\u015bci, odpowiedzia\u0142: \u201eJa nie jestem prorokiem (\u2026) Nikt poza Bogiem nie zna przysz\u0142o\u015bci; jednak\u017ce, m\u00f3wi\u0105c po ludzku, trzeba s\u0105dzi\u0107, \u017ce przysz\u0142o\u015b\u0107 ta b\u0119dzie smutna. Pewien poeta rzymski powiada, \u017ce daremnie si\u0119 cz\u0142owiekowi wspina\u0107, kiedy znajduje si\u0119 na ostrej pochylni i\u00a0z\u00a0konieczno\u015bci spada w\u00a0d\u00f3\u0142. Moje przewidywania s\u0105 smutne, ale nie obawiam si\u0119 niczego. B\u00f3g ocali na pewno Ko\u015bci\u00f3\u0142, a\u00a0Matka Naj\u015bwi\u0119tsza, kt\u00f3ra w\u00a0widoczny spos\u00f3b otacza opiek\u0105 \u015bwiat wsp\u00f3\u0142czesny, zechce powo\u0142a\u0107 nowych wybawicieli\u201d.<\/p>\n<p>W opracowaniu wykorzystano:<br \/>\nks. Jakub G\u00f3rka, Cze\u015b\u0107 Maryi, Tarn\u00f3w 1907.<br \/>\nks. Stefan Pru\u015b SDB (red.), Maryja Wspomo\u017cenie wiernych, Wydawnictwo Salezja\u0144skie, Warszawa 1986.<br \/>\nAugustyn Auffray, \u015awi\u0119ty Jan Bosko, Wydawnictwo Salezja\u0144skie, Krak\u00f3w\u00a01977.<br \/>\nSny wizje \u015bw. Jana Bosko Aposto\u0142a m\u0142odzie\u017cy, Wydawnictwo Salezja\u0144skie, Warszawa 1987.<\/p>\n","protected":false},"excerpt":{"rendered":"<p>W maju podczas wieczornych nabo\u017ce\u0144stw rozbrzmiewa Litania Loreta\u0144ska. Po\u015br\u00f3d wielu wezwa\u0144 Naj\u015bwi\u0119tsza Dziewica przyzywana jest jako\u00a0Auxilium Christianorum\u00a0\u2014 Wspomo\u017cenie wiernych. Wezwanie \u201eWspomo\u017cenie wiernych, m\u00f3dl si\u0119 za nami\u201d do Litanii Loreta\u0144skiej w\u0142\u0105czy\u0142 papie\u017c Pius\u00a0V, jako podzi\u0119kowanie za zwyci\u0119stwo nad Turkami pod Lepanto w\u00a0dniu 7 pa\u017adziernika 1571\u00a0r. W\u00a0Tradycji Ko\u015bcio\u0142a kult Matki Bo\u017cej jako<a class=\"more-link\" href=\"https:\/\/test4.mi-backup.ch\/pl\/24-maja-nmp-wspomozycielki-wiernych\/\">Czytaj dalej &rarr;<\/a><\/p>\n","protected":false},"author":9,"featured_media":10932,"comment_status":"closed","ping_status":"closed","sticky":false,"template":"","format":"standard","meta":[],"categories":[1],"tags":[],"_links":{"self":[{"href":"https:\/\/test4.mi-backup.ch\/pl\/wp-json\/wp\/v2\/posts\/10877"}],"collection":[{"href":"https:\/\/test4.mi-backup.ch\/pl\/wp-json\/wp\/v2\/posts"}],"about":[{"href":"https:\/\/test4.mi-backup.ch\/pl\/wp-json\/wp\/v2\/types\/post"}],"author":[{"embeddable":true,"href":"https:\/\/test4.mi-backup.ch\/pl\/wp-json\/wp\/v2\/users\/9"}],"replies":[{"embeddable":true,"href":"https:\/\/test4.mi-backup.ch\/pl\/wp-json\/wp\/v2\/comments?post=10877"}],"version-history":[{"count":1,"href":"https:\/\/test4.mi-backup.ch\/pl\/wp-json\/wp\/v2\/posts\/10877\/revisions"}],"predecessor-version":[{"id":10886,"href":"https:\/\/test4.mi-backup.ch\/pl\/wp-json\/wp\/v2\/posts\/10877\/revisions\/10886"}],"wp:featuredmedia":[{"embeddable":true,"href":"https:\/\/test4.mi-backup.ch\/pl\/wp-json\/wp\/v2\/media\/10932"}],"wp:attachment":[{"href":"https:\/\/test4.mi-backup.ch\/pl\/wp-json\/wp\/v2\/media?parent=10877"}],"wp:term":[{"taxonomy":"category","embeddable":true,"href":"https:\/\/test4.mi-backup.ch\/pl\/wp-json\/wp\/v2\/categories?post=10877"},{"taxonomy":"post_tag","embeddable":true,"href":"https:\/\/test4.mi-backup.ch\/pl\/wp-json\/wp\/v2\/tags?post=10877"}],"curies":[{"name":"wp","href":"https:\/\/api.w.org\/{rel}","templated":true}]}}