{"id":12854,"date":"2018-09-07T20:59:18","date_gmt":"2018-09-07T18:59:18","guid":{"rendered":"https:\/\/test4.mi-backup.ch\/?p=12854"},"modified":"2018-09-07T21:02:19","modified_gmt":"2018-09-07T19:02:19","slug":"8-wrzesnia-narodzenie-najswietszej-maryi-panny","status":"publish","type":"post","link":"https:\/\/test4.mi-backup.ch\/pl\/8-wrzesnia-narodzenie-najswietszej-maryi-panny\/","title":{"rendered":"8 wrze\u015bnia \u2014 Narodzenie Naj\u015bwi\u0119tszej Maryi Panny"},"content":{"rendered":"<div class=\"mod12x\">\n<blockquote><p>Twoje narodzenie, Bogarodzico Dziewico, oznajmi\u0142o wesele ca\u0142emu \u015bwiatu, z\u00a0Ciebie bowiem narodzi\u0142o si\u0119 S\u0142o\u0144ce sprawiedliwo\u015bci, Chrystus nasz B\u00f3g, kt\u00f3ry usn\u0105\u0142 przekle\u0144stwo, a\u00a0da\u0142 b\u0142ogos\u0142awie\u0144stwo, pokona\u0142 \u015bmier\u0107 i\u00a0obdarzy\u0142 nas \u017cyciem wiecznym<\/p><\/blockquote>\n<p align=\"right\">antyfona do\u00a0<em>Magnificat<\/em><\/p>\n<p><strong>O\u00a0<\/strong><strong>pe\u0142nym \u0142ask\u00a0<\/strong><strong>narodzeniu\u00a0<\/strong><strong>Naj\u015bwi\u0119tszej\u00a0<\/strong><strong>Maryi Panny<\/strong><br \/>\nKiedy Naj\u015bwi\u0119tsza Maryja Panna zosta\u0142a pocz\u0119ta bez grzechu, dusza Jej \u2014 wskutek ogl\u0105dania B\u00f3stwa, kt\u00f3rego w\u00a0tej chwili dost\u0105pi\u0142a \u2014 wype\u0142ni\u0142a si\u0119 zachwytem i\u00a0mi\u0142o\u015bci\u0105 do Stw\u00f3rcy. Mi\u0142o\u015b\u0107 Maryi rozpocz\u0119\u0142a si\u0119 ju\u017c od chwili, kiedy w\u00a0\u015bwi\u0105tyni macierzy\u0144skiego \u0142ona zosta\u0142a stworzona Jej dusza; mi\u0142o\u015b\u0107 ta nie usta\u0142a ju\u017c nigdy ani na chwil\u0119, ale p\u0142on\u0119\u0142a nieustannie i\u00a0p\u0142on\u0105\u0107 b\u0119dzie przez ca\u0142\u0105 wieczno\u015b\u0107, a\u00a0Maryja za\u017cywa\u0107 b\u0119dzie najwy\u017cszej godno\u015bci, siedz\u0105c po prawicy naj\u015bwi\u0119tszego Syna. W\u00a0czasie, kiedy przebywa\u0142a jako dzieci\u0119 pod sercem swej \u015bwi\u0119tej matki Anny, kierowa\u0142a nieustannie akty najgor\u0119tszej mi\u0142o\u015bci ku Bogu, zaskarbiaj\u0105c sobie ju\u017c w\u00f3wczas tak\u0105 ilo\u015b\u0107 zas\u0142ug, jakiej nawet wszyscy \u015bwi\u0119ci w\u00a0swej doskona\u0142o\u015bci nie byli w\u00a0stanie osi\u0105gn\u0105\u0107.<br \/>\nNadszed\u0142 dzie\u0144 pe\u0142en \u0142ask i\u00a0rado\u015bci, w\u00a0kt\u00f3rym ujrze\u0107 mia\u0142o \u015bwiat\u0142o tego \u015bwiata owo dzieci\u0119, u\u015bwi\u0119cone, przeznaczone i\u00a0przygotowane na Matk\u0119 Boga. Narodzenie mia\u0142o miejsce w\u00a0\u00f3smym dniu miesi\u0105ca wrze\u015bnia. Pan przygotowa\u0142 i\u00a0o\u015bwieci\u0142 \u015bw.\u00a0Ann\u0119, \u017ce oto zbli\u017ca si\u0119 chwila rozwi\u0105zania. Pe\u0142na rado\u015bci Ducha \u015awi\u0119tego us\u0142ucha\u0142a ona g\u0142osu Bo\u017cego i\u00a0pocz\u0119\u0142a si\u0119 modli\u0107 do Pana, prosz\u0105c Go o\u00a0\u0142ask\u0119 i\u00a0opiek\u0119, aby chwila ta min\u0119\u0142a szcz\u0119\u015bliwie.<br \/>\nMoc i\u00a0Opatrzno\u015b\u0107 Bo\u017ca sprawi\u0142a, \u017ce Maryja przysz\u0142a na \u015bwiat w\u00a0b\u0142ogim stanie szcz\u0119\u015bcia, nie doznaj\u0105c b\u00f3lu zaistnienia. Maryja narodzi\u0142a si\u0119 czysta, bez skazy, pi\u0119kna i\u00a0pe\u0142na \u0142ask, objawiaj\u0105c tym samym, \u017ce przychodzi na \u015bwiat wolna od pierworodnego i\u00a0przysz\u0142ego grzechu. Jej narodzenie w\u00a0zasadzie nie r\u00f3\u017cni\u0142o si\u0119 od narodzenia innych dzieci Adama, jednak z\u00a0\u0142aski Bo\u017cej towarzyszy\u0142y mu takie okoliczno\u015bci, \u017ce nazwa\u0107 je mo\u017cna cudem, wprowadzaj\u0105cym wszystkie istoty w\u00a0podziw i\u00a0przyczyniaj\u0105cym Stw\u00f3rcy wiecznego uwielbienia.<\/p>\n<p>By\u0142a p\u00f3\u0142noc, gdy wzesz\u0142a ta Gwiazda Zaranna, a\u00a0noc i\u00a0ciemno\u015b\u0107 starego prawa zacz\u0119\u0142y si\u0119 oddziela\u0107 od pierwszego brzasku nadchodz\u0105cego dnia \u0142aski. Najs\u0142odsze dzieci\u0119, owini\u0119te w\u00a0pieluszki, by\u0142o piel\u0119gnowane tak, jak inne dzieci, przy czym dusza tego dzieci\u0119cia zatopiona by\u0142a w\u00a0B\u00f3stwie. Tak jak dziecko piel\u0119gnowano T\u0119, kt\u00f3ra m\u0105dro\u015bci\u0105 przewy\u017csza\u0142a nie tylko wszystkich ludzi, ale nawet anio\u0142\u00f3w. \u015awi\u0119ta Anna nie zezwoli\u0142a na to, aby obce r\u0119ce piel\u0119gnowa\u0142y \u015bwi\u0119t\u0105 Istot\u0119; w\u0142asnor\u0119cznie owin\u0119\u0142a J\u0105 w\u00a0pieluszki. Nast\u0119pnie wzi\u0119\u0142a na r\u0119ce owo dzieci\u0119, kt\u00f3re by\u0142o jej c\u00f3rk\u0105 a\u00a0zarazem najwi\u0119kszym skarbem nieba i\u00a0ziemi \u2014 dziecko to by\u0142o ni\u017csze jedynie od samego Boga, wy\u017csze natomiast od wszystkich innych istot. Z\u00a0gor\u0105cym nabo\u017ce\u0144stwem i\u00a0w\u015br\u00f3d \u0142ez ofiarowa\u0142a Anna to dzieci\u0119 Majestatowi Boskiemu.<\/p>\n<p>W chwili kiedy narodzi\u0142a si\u0119 Maryja, nasza Kr\u00f3lowa, Najwy\u017cszy wys\u0142a\u0142 \u015bw.\u00a0Archanio\u0142a Gabriela do otch\u0142ani, aby oznajmi\u0142 t\u0119 weso\u0142\u0105 nowin\u0119 przebywaj\u0105cym tam ojcom \u015bwi\u0119tym. Pospiesznie zst\u0105pi\u0142 \u00f3w pose\u0142 niebia\u0144ski do otch\u0142ani i\u00a0rozja\u015bni\u0142 j\u0105 \u015bwiat\u0142em swoim, raduj\u0105c przebywaj\u0105cych tam sprawiedliwych. Zwiastowa\u0142 im, \u017ce zbli\u017ca si\u0119 \u00f3w dzie\u0144 \u2014 przepowiadany przez prorok\u00f3w a\u00a0tak bardzo oczekiwany przez ojc\u00f3w \u015bwi\u0119tych \u2014 w\u00a0kt\u00f3rym rodzaj ludzki dost\u0105pi\u0107 ma zbawienia i\u00a0wiecznej szcz\u0119\u015bliwo\u015bci; nied\u0142ugo ujrz\u0105 Zbawienie i\u00a0wspania\u0142o\u015b\u0107 Najwy\u017cszego, albowiem narodzi\u0142a si\u0119 ju\u017c Ta, kt\u00f3ra b\u0119dzie Matk\u0105 obiecanego Mesjasza. Wiadomo\u015b\u0107 ta nape\u0142ni\u0142a rado\u015bci\u0105 dusze patriarch\u00f3w, prorok\u00f3w i\u00a0wszystkich sprawiedliwych b\u0119d\u0105cych w\u00a0otch\u0142ani. Chwalili oni i\u00a0b\u0142ogos\u0142awili Pana za to dobrodziejstwo nowymi pie\u015bniami.<\/p>\n<p align=\"right\">Maria z\u00a0Agredy,\u00a0<em>Mistyczne Miasto Bo\u017ce<\/em><\/p>\n<\/div>\n<div class=\"mod2\"><\/div>\n<div class=\"mod2\">\n<h3><\/h3>\n<\/div>\n","protected":false},"excerpt":{"rendered":"<p>Twoje narodzenie, Bogarodzico Dziewico, oznajmi\u0142o wesele ca\u0142emu \u015bwiatu, z\u00a0Ciebie bowiem narodzi\u0142o si\u0119 S\u0142o\u0144ce sprawiedliwo\u015bci, Chrystus nasz B\u00f3g, kt\u00f3ry usn\u0105\u0142 przekle\u0144stwo, a\u00a0da\u0142 b\u0142ogos\u0142awie\u0144stwo, pokona\u0142 \u015bmier\u0107 i\u00a0obdarzy\u0142 nas \u017cyciem wiecznym antyfona do\u00a0Magnificat O\u00a0pe\u0142nym \u0142ask\u00a0narodzeniu\u00a0Naj\u015bwi\u0119tszej\u00a0Maryi Panny Kiedy Naj\u015bwi\u0119tsza Maryja Panna zosta\u0142a pocz\u0119ta bez grzechu, dusza Jej \u2014 wskutek ogl\u0105dania B\u00f3stwa, kt\u00f3rego w\u00a0tej chwili<a class=\"more-link\" href=\"https:\/\/test4.mi-backup.ch\/pl\/8-wrzesnia-narodzenie-najswietszej-maryi-panny\/\">Czytaj dalej &rarr;<\/a><\/p>\n","protected":false},"author":9,"featured_media":12855,"comment_status":"closed","ping_status":"closed","sticky":false,"template":"","format":"standard","meta":[],"categories":[1],"tags":[],"_links":{"self":[{"href":"https:\/\/test4.mi-backup.ch\/pl\/wp-json\/wp\/v2\/posts\/12854"}],"collection":[{"href":"https:\/\/test4.mi-backup.ch\/pl\/wp-json\/wp\/v2\/posts"}],"about":[{"href":"https:\/\/test4.mi-backup.ch\/pl\/wp-json\/wp\/v2\/types\/post"}],"author":[{"embeddable":true,"href":"https:\/\/test4.mi-backup.ch\/pl\/wp-json\/wp\/v2\/users\/9"}],"replies":[{"embeddable":true,"href":"https:\/\/test4.mi-backup.ch\/pl\/wp-json\/wp\/v2\/comments?post=12854"}],"version-history":[{"count":3,"href":"https:\/\/test4.mi-backup.ch\/pl\/wp-json\/wp\/v2\/posts\/12854\/revisions"}],"predecessor-version":[{"id":12865,"href":"https:\/\/test4.mi-backup.ch\/pl\/wp-json\/wp\/v2\/posts\/12854\/revisions\/12865"}],"wp:featuredmedia":[{"embeddable":true,"href":"https:\/\/test4.mi-backup.ch\/pl\/wp-json\/wp\/v2\/media\/12855"}],"wp:attachment":[{"href":"https:\/\/test4.mi-backup.ch\/pl\/wp-json\/wp\/v2\/media?parent=12854"}],"wp:term":[{"taxonomy":"category","embeddable":true,"href":"https:\/\/test4.mi-backup.ch\/pl\/wp-json\/wp\/v2\/categories?post=12854"},{"taxonomy":"post_tag","embeddable":true,"href":"https:\/\/test4.mi-backup.ch\/pl\/wp-json\/wp\/v2\/tags?post=12854"}],"curies":[{"name":"wp","href":"https:\/\/api.w.org\/{rel}","templated":true}]}}