{"id":16388,"date":"2019-04-30T14:03:55","date_gmt":"2019-04-30T12:03:55","guid":{"rendered":"https:\/\/test4.mi-backup.ch\/?p=16388"},"modified":"2019-04-30T14:03:55","modified_gmt":"2019-04-30T12:03:55","slug":"list-2019-05","status":"publish","type":"post","link":"https:\/\/test4.mi-backup.ch\/pl\/list-2019-05\/","title":{"rendered":"List na maj 2019"},"content":{"rendered":"<h3>Nasi wychowawcy<\/h3>\n<p>Ka\u017cdy chcia\u0142by by\u0107 \u201ecz\u0142owiekiem z charakterem\u201d. Wola, wspomagana \u0142ask\u0105, musi hamowa\u0107 rozbie\u017cno\u015bci naszych temperament\u00f3w, sk\u0142onno\u015bci, nami\u0119tno\u015bci itd. Bez tej pracy woli, i to pracy skutecznej, nie b\u0119dziemy lud\u017ami z charakterem. B\u0119dziemy w ci\u0105g\u0142ym zatargu ze sob\u0105 i w ustawicznych niekonsekwencjach w swoich my\u015blach, pragnieniach, uczynkach i w s\u0142owach; a to w\u0142a\u015bnie jest znakiem brak charakteru. Widzimy w codziennym \u017cyciu, \u017ce jedni stosunkowo \u0142atwo zdobywaj\u0105 silny i pi\u0119kny charakter, a dla innych jest to sprawa niezmiernie trudna. Niejeden, po d\u0142u\u017cszym do\u015bwiadczeniu ze sob\u0105, rezygnuje z charakteru i gdzie\u015b w g\u0142\u0119bi duszy zjawia si\u0119 my\u015bl beznadziejna \u2013 \u201etrudno; co mog\u0142em, to zrobi\u0142em, a skutku \u017cadnego\u201d. Po ostatniej wojnie, wobec katastrofalnego wyczerpania nerwowego, powy\u017csze powiedzenie nie by\u0142o rzadko\u015bci\u0105. P\u0142yn\u0119\u0142y one z drobnych, szlachetnych, ale chorych psychicznie dusz. Takie dusze musz\u0105 mie\u0107 przy sobie matczyne serce i ojcowsk\u0105 wol\u0119; musz\u0105 spraw\u0119 swego charakteru odda\u0107 w ich r\u0119ce, a w\u00f3wczas ten ma\u0142y wysi\u0142ek osobisty oka\u017ce si\u0119 wystarczaj\u0105cym dla ich \u017cycia. Tym matczynym sercem jest <strong>Niepokalane Serce Maryi<\/strong>, a ojcowsk\u0105 wol\u0105 jest <strong>wola \u015bw. J\u00f3zefa<\/strong>. Trzeba jednak o tym wiedzie\u0107 i korzysta\u0107 z Ich \u015bwi\u0119tego pos\u0142annictwa, gdy\u017c bez Ich pomocy chore dusze rzeczywi\u015bcie niewiele dokonaj\u0105. Nie znaczy to, \u017ce wola u tych schorowanych dusz przesta\u0142a by\u0107 woln\u0105. Wola ich jest woln\u0105, ale potrzebuje szczeg\u00f3lnej opieki i szczeg\u00f3lnej atmosfery, aby mog\u0142a dzia\u0142a\u0107 skutecznie. Ot\u00f3\u017c opr\u00f3cz zwyczajnej \u0142aski uczynkowej, t\u0119 szczeg\u00f3ln\u0105 opiek\u0119 nad takimi duszami Pan B\u00f3g powierzy\u0142 Matce Naj\u015bwi\u0119tszej i \u015bw. J\u00f3zefowi. Niech wi\u0119c w chwilach trudnych zniech\u0119cenia, smutku, taka dusza z\u0142o\u017cy swoje troski w r\u0119ce Matki Bo\u017cej i \u015bw. J\u00f3zefa, pami\u0119taj\u0105c o Ich szczeg\u00f3lnym pos\u0142annictwie; niech przy tym zdob\u0119dzie si\u0119 cho\u0107by na malutki wysi\u0142ek (a to mo\u017ce uczyni\u0107!), a w\u00f3wczas niech b\u0119dzie przekonana, \u017ce obowi\u0105zek sw\u00f3j spe\u0142ni\u0142a.<\/p>\n<p>Wola nasza jest wolna. Ale w\u0142a\u015bciwe u\u017cytkowanie tej wolno\u015bci zdobywamy przez walk\u0119 ze sob\u0105, aby to, co jest pi\u0119kne i szlachetne w naszej duszy, zapanowa\u0142o nad tym, co jest z\u0142e. Walka ta obejmuje zar\u00f3wno dziedzin\u0119 przyrodzon\u0105, jak te\u017c nadprzyrodzon\u0105 naszego \u017cycia. Wiara i rozum wskazuj\u0105 nam wznios\u0142e i pi\u0119kne prawdy; wola szczerze pragnie te prawdy posi\u0105\u015b\u0107. Jednak natura nasza zmys\u0142owa ze swymi sk\u0142onno\u015bciami i wadami staje na przeszkodzie. Wi\u0119cej nawet! Roztacza mg\u0142\u0119 nad naszym rozumem, a ci\u0119\u017ckimi oparami przyt\u0142acza nasz\u0105 wolna wol\u0119 w jej czynno\u015bciach. Bez szczeg\u00f3lnego kierownictwa nie wyjdziemy z ciemno\u015bci, kt\u00f3re nas otaczaj\u0105.<strong> Tymi szczeg\u00f3lnymi wychowawcami s\u0105 \u2013 Matka Bo\u017ca i \u015bw. J\u00f3zef.<\/strong> Nasz Anio\u0142 Str\u00f3\u017c i \u015awi\u0119ci nasi Patronowie s\u0105 naszymi opiekunami, wzgl\u0119dnie wychowawcami drugorz\u0119dnymi. Szczeg\u00f3lnymi za\u015b wychowawcami ludzi s\u0105 w woli Pana Boga matka Naj\u015bwi\u0119tsza i \u015bw. J\u00f3zef.<\/p>\n<p>(test nieco uwsp\u00f3\u0142cze\u015bniono)<\/p>\n<p>(ks. K. D\u0105browski T.J., <em>Nasi Wychowawcy<\/em>, \u201ePod Opiek\u0105 \u015bw. J\u00f3zefa\u201d Miesi\u0119cznik dla rodzin katolickich, R. III:1948, nr 6, s. 14-15)<\/p>\n","protected":false},"excerpt":{"rendered":"<p>Nasi wychowawcy Ka\u017cdy chcia\u0142by by\u0107 \u201ecz\u0142owiekiem z charakterem\u201d. Wola, wspomagana \u0142ask\u0105, musi hamowa\u0107 rozbie\u017cno\u015bci naszych temperament\u00f3w, sk\u0142onno\u015bci, nami\u0119tno\u015bci itd. Bez tej pracy woli, i to pracy skutecznej, nie b\u0119dziemy lud\u017ami z charakterem. B\u0119dziemy w ci\u0105g\u0142ym zatargu ze sob\u0105 i w ustawicznych niekonsekwencjach w swoich my\u015blach, pragnieniach, uczynkach i w s\u0142owach;<a class=\"more-link\" href=\"https:\/\/test4.mi-backup.ch\/pl\/list-2019-05\/\">Czytaj dalej &rarr;<\/a><\/p>\n","protected":false},"author":9,"featured_media":8889,"comment_status":"closed","ping_status":"closed","sticky":false,"template":"","format":"standard","meta":[],"categories":[398],"tags":[],"_links":{"self":[{"href":"https:\/\/test4.mi-backup.ch\/pl\/wp-json\/wp\/v2\/posts\/16388"}],"collection":[{"href":"https:\/\/test4.mi-backup.ch\/pl\/wp-json\/wp\/v2\/posts"}],"about":[{"href":"https:\/\/test4.mi-backup.ch\/pl\/wp-json\/wp\/v2\/types\/post"}],"author":[{"embeddable":true,"href":"https:\/\/test4.mi-backup.ch\/pl\/wp-json\/wp\/v2\/users\/9"}],"replies":[{"embeddable":true,"href":"https:\/\/test4.mi-backup.ch\/pl\/wp-json\/wp\/v2\/comments?post=16388"}],"version-history":[{"count":1,"href":"https:\/\/test4.mi-backup.ch\/pl\/wp-json\/wp\/v2\/posts\/16388\/revisions"}],"predecessor-version":[{"id":16389,"href":"https:\/\/test4.mi-backup.ch\/pl\/wp-json\/wp\/v2\/posts\/16388\/revisions\/16389"}],"wp:featuredmedia":[{"embeddable":true,"href":"https:\/\/test4.mi-backup.ch\/pl\/wp-json\/wp\/v2\/media\/8889"}],"wp:attachment":[{"href":"https:\/\/test4.mi-backup.ch\/pl\/wp-json\/wp\/v2\/media?parent=16388"}],"wp:term":[{"taxonomy":"category","embeddable":true,"href":"https:\/\/test4.mi-backup.ch\/pl\/wp-json\/wp\/v2\/categories?post=16388"},{"taxonomy":"post_tag","embeddable":true,"href":"https:\/\/test4.mi-backup.ch\/pl\/wp-json\/wp\/v2\/tags?post=16388"}],"curies":[{"name":"wp","href":"https:\/\/api.w.org\/{rel}","templated":true}]}}