{"id":18643,"date":"2019-07-04T12:25:33","date_gmt":"2019-07-04T10:25:33","guid":{"rendered":"https:\/\/test4.mi-backup.ch\/?p=18643"},"modified":"2019-07-04T12:31:10","modified_gmt":"2019-07-04T10:31:10","slug":"6-07-pierwsza-sobota-miesiaca","status":"publish","type":"post","link":"https:\/\/test4.mi-backup.ch\/pl\/6-07-pierwsza-sobota-miesiaca\/","title":{"rendered":"6.07. &#8211; pierwsza sobota miesi\u0105ca"},"content":{"rendered":"<p><span style=\"color: #282828\"><span style=\"font-family: Open Sans, sans-serif\"><span style=\"font-size: small\">Na\u00a0<\/span><\/span><\/span><a href=\"https:\/\/test4.mi-backup.ch\/pl\/pierwsze-soboty\/\"><span style=\"color: #2f72bf\"><span style=\"font-family: Open Sans, sans-serif\"><span style=\"font-size: small\">pierwsz\u0105 sobot\u0119<\/span><\/span><\/span><\/a><span style=\"color: #282828\"><span style=\"font-family: Times New Roman, serif\"><span style=\"font-size: medium\">\u00a0lipca<\/span><\/span><\/span><span style=\"color: #282828\"><span style=\"font-family: Open Sans, sans-serif\"><span style=\"font-size: small\"> przedstawiamy dwa teksty: ostatni ju\u017c fragment rozwa\u017ca\u0144 r\u00f3\u017ca\u0144cowych ojca K. Marmiona OSB oraz tekst pt. \u201e<\/span><\/span><\/span><span style=\"color: #282828\"><span style=\"font-family: Times New Roman, serif\"><span style=\"font-size: medium\">Czy mo\u017cna zbyt kocha\u0107 Naj\u015bwi\u0119tsz\u0105 Maryj\u0119 Pann\u0119\u00a0?\u201d<\/span><\/span><\/span><span style=\"color: #282828\"><span style=\"font-family: Open Sans, sans-serif\"><span style=\"font-size: small\">:<\/span><\/span><\/span><\/p>\n<p><span style=\"font-family: Times New Roman, serif\"><span style=\"font-size: medium\">TAJEMNICE CHWALEBNE<\/span><\/span><\/p>\n<p><strong><span style=\"color: #222222\"><span style=\"font-family: Times New Roman, serif\"><span style=\"font-size: medium\">5. <\/span><\/span><\/span><\/strong><strong><span style=\"color: #222222\"><span style=\"font-family: Arial, Helvetica, sans-serif\"><span style=\"font-size: medium\">Ukoronowanie Naj\u015bwi\u0119tszej Maryi Panny<\/span><\/span><\/span><\/strong><\/p>\n<p><span style=\"color: #222222\"><span style=\"font-family: Arial, Helvetica, sans-serif\"><span style=\"font-size: medium\">Co maj\u0105 na celu wszystkie tajemnice Chrystusowe? Ot\u00f3\u017c maj\u0105 one by\u0107 nam wzorem \u017cycia nadprzyrodzonego, \u015brodkami u\u015bwi\u0119caj\u0105cymi, \u017ar\u00f3d\u0142em wszelkiej \u015bwi\u0119to\u015bci. Maj\u0105 tworzy\u0107 wieczn\u0105 i chwalebn\u0105 spo\u0142eczno\u015b\u0107 braci, kt\u00f3rzy b\u0119d\u0105 do Niego podobni. W\u0142a\u015bnie po to Chrystus, nowy Adam, wybra\u0142 sobie na Matk\u0119 Maryj\u0119 jako now\u0105 Ew\u0119. Jednak jest ona wi\u0119cej ni\u017c tylko Ew\u0105, \u201eMatk\u0105 wszystkich \u017cyj\u0105cych\u201d: Matk\u0105 tych, kt\u00f3rzy \u017cyj\u0105 w \u0142asce Jej Syna.<\/span><\/span><\/span><\/p>\n<p><span style=\"color: #222222\"><span style=\"font-family: Arial, Helvetica, sans-serif\"><span style=\"font-size: medium\">Skoro za\u015b na ziemi Maryja by\u0142a tak silnie zwi\u0105zana z wszystkimi tajemnicami zbawienia, przy Wniebowzi\u0119ciu Jezus ukoronowa\u0142 J\u0105 nie tylko chwa\u0142\u0105, ale i moc\u0105; umie\u015bci\u0142 Matk\u0119 po swej prawicy, przez wzgl\u0105d na Jej tytu\u0142 Matki Bo\u017cej daj\u0105c Jej w\u0142adz\u0119 udzielania skarb\u00f3w \u017cycia wiecznego.<\/span><\/span><\/span><\/p>\n<p><span style=\"color: #222222\"><span style=\"font-family: Arial, Helvetica, sans-serif\"><span style=\"font-size: medium\">Pe\u0142ni ufno\u015bci m\u00f3dlmy si\u0119 zatem z Ko\u015bcio\u0142em powszechnym: <\/span><\/span><\/span><\/p>\n<blockquote><p><em><span style=\"color: #222222\"><span style=\"font-family: Arial, Helvetica, sans-serif\"><span style=\"font-size: medium\">Oka\u017c si\u0119 Matk\u0105: Matk\u0105 Jezusa, ca\u0142kowicie w Niego wierz\u0105c, nasz\u0105 Matk\u0105, obdarzaj\u0105c nas mi\u0142osierdziem; pro\u015b Chrystusa, kt\u00f3ry si\u0119 z Ciebie narodzi\u0142, aby darowa\u0142 nam \u017cycie; Tego, kt\u00f3ry chcia\u0142 by\u0107 Twoim Synem, aby za Twym po\u015brednictwem przyj\u0105\u0142 nasze modlitwy.<\/span><\/span><\/span><\/em><\/p><\/blockquote>\n<p>&nbsp;<\/p>\n<p><strong><span style=\"font-family: Verdana, sans-serif\"><span style=\"font-size: medium\">Czy mo\u017cna zbyt kocha\u0107 Naj\u015bwi\u0119tsz\u0105 Maryj\u0119 Pann\u0119?<\/span><\/span><\/strong><\/p>\n<p><span style=\"font-family: Arial, sans-serif\"><span style=\"font-size: medium\">Czy mo\u017cna zbyt kocha\u0107 Naj\u015bwi\u0119tsz\u0105 Maryj\u0119 Pann\u0119\u00a0? By odpowiedzie\u0107 na to pytanie trzeba najpierw postawi\u0107 inne: Kim Ona jest?<\/span><\/span><\/p>\n<p><span style=\"font-family: Arial, sans-serif\"><span style=\"font-size: medium\">Sama siebie okre\u015bla mianem Niepokalanej. Ale nie jest to Jej pierwszy przywilej. Nie jest nim tak\u017ce bycie ma\u0142\u017conk\u0105 \u015bw. J\u00f3zefa lub c\u00f3rk\u0105 Anny i Joachima ani bycie Kr\u00f3low\u0105 Niebios, albo Pann\u0105 nad Pannami czy sam\u0105 Bram\u0105 Niebios. Jej pierwszym i g\u0142\u00f3wnym przywilejem jest Bo\u017ce Macierzy\u0144stwo. Jest Matk\u0105 Jezusa Chrystusa, kt\u00f3ry jest Bogiem. W tym chwalebnym tytule zawarte s\u0105 wszystkie inne Jej przywileje i wszystkie wezwania kt\u00f3rymi jest okre\u015blana.<\/span><\/span><\/p>\n<p><span style=\"font-family: Arial, sans-serif\"><span style=\"font-size: medium\">Jednak wr\u00f3\u0107my do pytania: czy mo\u017cna zbyt mocno kocha\u0107 Matk\u0119 Bo\u017c\u0105?<\/span><\/span><\/p>\n<p><span style=\"font-family: Arial, sans-serif\"><span style=\"font-size: medium\">By\u015bmy mieli wyobra\u017cenie o mi\u0142o\u015bci jaka jest Jej nale\u017cna, sp\u00f3jrzmy z jak\u0105 przychylno\u015bci\u0105 zwraca si\u0119 do Niej sam B\u00f3g: ju\u017c od pocz\u0105tku wiek\u00f3w zadba\u0142, by ozdobi\u0107 J\u0105 wszystkimi przymiotami natury i \u0142aski\u2026 i kiedy nadesz\u0142a godzina Jej pobytu<\/span> <span style=\"font-size: medium\"> na \u015bwiecie, uczyni\u0142 z Niej arcydzie\u0142o swego stworzenia! Wiedz\u0105c, \u017ce to Ona b\u0119dzie Jego Matk\u0105, nape\u0142ni\u0142 J\u0105 najcenniejszymi darami a\u017c, gdyby to tylko by\u0142o mo\u017cliwe, do granic swojej wszechmocno\u015bci. \u017badne inne stworzenie nie by\u0142o tak bardzo przedmiotem Jego Boskiego upodobania.<\/span><\/span><\/p>\n<p><span style=\"font-family: Arial, sans-serif\"><span style=\"font-size: medium\">Jezus Chrystus przychodzi na \u015bwiat za po\u015brednictwem Maryi i okazuje si\u0119 najbardziej kochaj\u0105cym z syn\u00f3w: Jego ludzkie uczucie nie by\u0142o mniejsze ni\u017c mi\u0142o\u015b\u0107, kt\u00f3r\u0105 darzy\u0142 J\u0105 ju\u017c przed wiekami.<\/span><\/span><\/p>\n<p><span style=\"font-family: Arial, sans-serif\"><span style=\"font-size: medium\">Umieraj\u0105c na krzy\u017cu ofiarowa\u0142 swoj\u0105 Matk\u0119 ludziom, m\u00f3wi\u0105c do swojego Aposto\u0142a \u201eOto Matka twoja\u201d. To tak, jak gdyby nam powiedzia\u0142:<\/span><\/span><\/p>\n<blockquote><p><span style=\"font-family: Arial, sans-serif\"><span style=\"font-size: medium\">\u00a0Kochaj moj\u0105 matk\u0119! Kochaj j\u0105 tak, jak ja j\u0105 kocha\u0142em.<\/span><\/span><\/p><\/blockquote>\n<p><span style=\"font-family: Arial, sans-serif\"><span style=\"font-size: medium\">Jednak\u017ce nigdy nie b\u0119dziemy kocha\u0107 Naj\u015bwi\u0119tszej Maryi Panny tak, jak Jej Boski Syn: Matce Bo\u017cej i Matce naszych dusz jeste\u015bmy wi\u0119c winni mi\u0142o\u015b\u0107 coraz bardziej gorliw\u0105, coraz bardziej synowsk\u0105 i nigdy nie b\u0119dziemy mogli powiedzie\u0107, \u017ce ju\u017c do\u015b\u0107 w niej post\u0105pili\u015bmy.<\/span><\/span><\/p>\n<p><span style=\"font-family: Arial, sans-serif\"><span style=\"font-size: medium\">Kocha\u0107 to znaczy na\u015bladowa\u0107. A kocha\u0107 wiernie nasz\u0105 Matk\u0119 to na\u015bladowa\u0107 J\u0105 gorliwie. Czy tu jeste\u015bmy w stanie zbyt mocno si\u0119 do Niej upodobni\u0107?<\/span><\/span><\/p>\n<p><span style=\"font-family: Arial, sans-serif\"><i><span style=\"font-size: medium\">Niech ta pierwsza sobota miesi\u0105ca sk\u0142oni nas do gorliwszego wzywania Jej pot\u0119\u017cnego wstawiennictwa: \u201e<\/span><\/i><\/span><\/p>\n<blockquote><p><span style=\"font-family: Arial, sans-serif\"><i><span style=\"font-size: medium\">\u015awi\u0119ta Maryjo, Matko Bo\u017ca, m\u00f3dl si\u0119 za nami grzesznymi i naucz nas oddawa\u0107 Ci cze\u015b\u0107 mi\u0142o\u015bci\u0105 coraz bardziej synowsk\u0105<\/span><\/i><\/span><\/p><\/blockquote>\n<p>&nbsp;<\/p>\n<p>&nbsp;<\/p>\n<p>&nbsp;<\/p>\n<p>&nbsp;<\/p>\n<p>&nbsp;<\/p>\n<p>&nbsp;<\/p>\n<p>&nbsp;<\/p>\n","protected":false},"excerpt":{"rendered":"<p>Na\u00a0pierwsz\u0105 sobot\u0119\u00a0lipca przedstawiamy dwa teksty: ostatni ju\u017c fragment rozwa\u017ca\u0144 r\u00f3\u017ca\u0144cowych ojca K. Marmiona OSB oraz tekst pt. \u201eCzy mo\u017cna zbyt kocha\u0107 Naj\u015bwi\u0119tsz\u0105 Maryj\u0119 Pann\u0119\u00a0?\u201d: TAJEMNICE CHWALEBNE 5. Ukoronowanie Naj\u015bwi\u0119tszej Maryi Panny Co maj\u0105 na celu wszystkie tajemnice Chrystusowe? Ot\u00f3\u017c maj\u0105 one by\u0107 nam wzorem \u017cycia nadprzyrodzonego, \u015brodkami u\u015bwi\u0119caj\u0105cymi, \u017ar\u00f3d\u0142em wszelkiej<a class=\"more-link\" href=\"https:\/\/test4.mi-backup.ch\/pl\/6-07-pierwsza-sobota-miesiaca\/\">Czytaj dalej &rarr;<\/a><\/p>\n","protected":false},"author":9,"featured_media":9143,"comment_status":"closed","ping_status":"closed","sticky":false,"template":"","format":"standard","meta":[],"categories":[1],"tags":[],"_links":{"self":[{"href":"https:\/\/test4.mi-backup.ch\/pl\/wp-json\/wp\/v2\/posts\/18643"}],"collection":[{"href":"https:\/\/test4.mi-backup.ch\/pl\/wp-json\/wp\/v2\/posts"}],"about":[{"href":"https:\/\/test4.mi-backup.ch\/pl\/wp-json\/wp\/v2\/types\/post"}],"author":[{"embeddable":true,"href":"https:\/\/test4.mi-backup.ch\/pl\/wp-json\/wp\/v2\/users\/9"}],"replies":[{"embeddable":true,"href":"https:\/\/test4.mi-backup.ch\/pl\/wp-json\/wp\/v2\/comments?post=18643"}],"version-history":[{"count":1,"href":"https:\/\/test4.mi-backup.ch\/pl\/wp-json\/wp\/v2\/posts\/18643\/revisions"}],"predecessor-version":[{"id":18644,"href":"https:\/\/test4.mi-backup.ch\/pl\/wp-json\/wp\/v2\/posts\/18643\/revisions\/18644"}],"wp:featuredmedia":[{"embeddable":true,"href":"https:\/\/test4.mi-backup.ch\/pl\/wp-json\/wp\/v2\/media\/9143"}],"wp:attachment":[{"href":"https:\/\/test4.mi-backup.ch\/pl\/wp-json\/wp\/v2\/media?parent=18643"}],"wp:term":[{"taxonomy":"category","embeddable":true,"href":"https:\/\/test4.mi-backup.ch\/pl\/wp-json\/wp\/v2\/categories?post=18643"},{"taxonomy":"post_tag","embeddable":true,"href":"https:\/\/test4.mi-backup.ch\/pl\/wp-json\/wp\/v2\/tags?post=18643"}],"curies":[{"name":"wp","href":"https:\/\/api.w.org\/{rel}","templated":true}]}}