{"id":19116,"date":"2019-07-20T10:39:04","date_gmt":"2019-07-20T08:39:04","guid":{"rendered":"https:\/\/test4.mi-backup.ch\/?p=19116"},"modified":"2019-07-20T10:42:48","modified_gmt":"2019-07-20T08:42:48","slug":"nowi-rycerze-wsrod-harcerzy","status":"publish","type":"post","link":"https:\/\/test4.mi-backup.ch\/pl\/nowi-rycerze-wsrod-harcerzy\/","title":{"rendered":"Nowi Rycerze w\u015br\u00f3d harcerzy"},"content":{"rendered":"<p>13 lipca 2019 &#8211; w rocznic\u0119 3. objawienia Matki Bo\u017cej w Fatimie &#8211; ks. Karl Stehlin przyj\u0105\u0142 11 m\u0142odych harcerzy do Rycerstwa Niepokalanej.<br \/>\nCeremonia mia\u0142a miejsce w trakcie obozu harcerskiego w miejscowo\u015bci Bludzie Ma\u0142e na Suwalszczy\u017anie. W obozie uczestniczy\u0142y dru\u017cyny harcerzy i harcerek z 153. Mazowieckiej Dru\u017cyny Harcerzy II Kohorta &#8211; Stella Matutina oraz zast\u0119p dziewcz\u0105t &#8211; dzia\u0142aj\u0105cy przy warszawskim Przeoracie pw. \u015bw. Piusa X. Przed uroczysto\u015bci\u0105 przyj\u0119cia do M.I. ks. Stehlin wyg\u0142osi\u0142 konferencj\u0119 na temat M.I. i \u015bw. Maksymiliana. Wyk\u0142ad wzbudzi\u0142 du\u017ce zainteresowanie m\u0142odych harcerzy i harcerek. Szczeg\u00f3lnie interesuj\u0105ca okaza\u0142a si\u0119 historia pocz\u0105tk\u00f3w Rycerstwa Niepokalanej.<\/p>\n<p><img loading=\"lazy\" class=\"alignnone size-medium wp-image-19095\" src=\"https:\/\/test4.mi-backup.ch\/wp-content\/uploads\/2019\/07\/news1592a-300x200.jpg\" alt=\"\" width=\"300\" height=\"200\" srcset=\"https:\/\/test4.mi-backup.ch\/wp-content\/uploads\/2019\/07\/news1592a-300x200.jpg 300w, https:\/\/test4.mi-backup.ch\/wp-content\/uploads\/2019\/07\/news1592a.jpg 330w\" sizes=\"(max-width: 300px) 100vw, 300px\" \/><\/p>\n<p>Zadania Rycerzy Niepokalanej s\u0105 dla harcerzy bardzo \u0142atwe: poniewa\u017c s\u0105 zobowi\u0105zani pe\u0142ni\u0107 dobre uczynki wzgl\u0119dem bli\u017anich, teraz jako Rycerze otrzymuj\u0105 dwa podobne zadania: spe\u0142nia\u0107 dobre uczynki dla Matki Bo\u017cej oraz stara\u0107 si\u0119 o nawr\u00f3cenie i u\u015bwi\u0119cenie wszystkich ludzi w swoim otoczeniu.<\/p>\n<p>M\u00f3dlmy si\u0119, aby m\u0142odzi harcerze, harcerki i druhny, kt\u00f3rzy wst\u0105pili do Rycerstwa Niepokalanej gorliwie wype\u0142niali zadania Rycerzy.<\/p>\n","protected":false},"excerpt":{"rendered":"<p>13 lipca 2019 &#8211; w rocznic\u0119 3. objawienia Matki Bo\u017cej w Fatimie &#8211; ks. Karl Stehlin przyj\u0105\u0142 11 m\u0142odych harcerzy do Rycerstwa Niepokalanej. Ceremonia mia\u0142a miejsce w trakcie obozu harcerskiego w miejscowo\u015bci Bludzie Ma\u0142e na Suwalszczy\u017anie. W obozie uczestniczy\u0142y dru\u017cyny harcerzy i harcerek z 153. Mazowieckiej Dru\u017cyny Harcerzy II Kohorta<a class=\"more-link\" href=\"https:\/\/test4.mi-backup.ch\/pl\/nowi-rycerze-wsrod-harcerzy\/\">Czytaj dalej &rarr;<\/a><\/p>\n","protected":false},"author":9,"featured_media":19111,"comment_status":"closed","ping_status":"closed","sticky":false,"template":"","format":"standard","meta":[],"categories":[1],"tags":[],"_links":{"self":[{"href":"https:\/\/test4.mi-backup.ch\/pl\/wp-json\/wp\/v2\/posts\/19116"}],"collection":[{"href":"https:\/\/test4.mi-backup.ch\/pl\/wp-json\/wp\/v2\/posts"}],"about":[{"href":"https:\/\/test4.mi-backup.ch\/pl\/wp-json\/wp\/v2\/types\/post"}],"author":[{"embeddable":true,"href":"https:\/\/test4.mi-backup.ch\/pl\/wp-json\/wp\/v2\/users\/9"}],"replies":[{"embeddable":true,"href":"https:\/\/test4.mi-backup.ch\/pl\/wp-json\/wp\/v2\/comments?post=19116"}],"version-history":[{"count":3,"href":"https:\/\/test4.mi-backup.ch\/pl\/wp-json\/wp\/v2\/posts\/19116\/revisions"}],"predecessor-version":[{"id":19119,"href":"https:\/\/test4.mi-backup.ch\/pl\/wp-json\/wp\/v2\/posts\/19116\/revisions\/19119"}],"wp:featuredmedia":[{"embeddable":true,"href":"https:\/\/test4.mi-backup.ch\/pl\/wp-json\/wp\/v2\/media\/19111"}],"wp:attachment":[{"href":"https:\/\/test4.mi-backup.ch\/pl\/wp-json\/wp\/v2\/media?parent=19116"}],"wp:term":[{"taxonomy":"category","embeddable":true,"href":"https:\/\/test4.mi-backup.ch\/pl\/wp-json\/wp\/v2\/categories?post=19116"},{"taxonomy":"post_tag","embeddable":true,"href":"https:\/\/test4.mi-backup.ch\/pl\/wp-json\/wp\/v2\/tags?post=19116"}],"curies":[{"name":"wp","href":"https:\/\/api.w.org\/{rel}","templated":true}]}}