{"id":19570,"date":"2019-08-03T17:50:13","date_gmt":"2019-08-03T15:50:13","guid":{"rendered":"https:\/\/test4.mi-backup.ch\/?p=19570"},"modified":"2019-08-03T17:57:22","modified_gmt":"2019-08-03T15:57:22","slug":"swieta-anna-i-niepokalane-poczecie","status":"publish","type":"post","link":"https:\/\/test4.mi-backup.ch\/pl\/swieta-anna-i-niepokalane-poczecie\/","title":{"rendered":"\u015awi\u0119ta Anna i Niepokalane Pocz\u0119cie"},"content":{"rendered":"<p><a href=\"https:\/\/test4.mi-backup.ch\/wp-content\/uploads\/2019\/08\/sw_anna_i_niepokalane_poczecie.jpg\"><img loading=\"lazy\" class=\"aligncenter wp-image-19572 size-full\" src=\"https:\/\/test4.mi-backup.ch\/wp-content\/uploads\/2019\/08\/sw_anna_i_niepokalane_poczecie.jpg\" alt=\"\" width=\"1120\" height=\"620\" srcset=\"https:\/\/test4.mi-backup.ch\/wp-content\/uploads\/2019\/08\/sw_anna_i_niepokalane_poczecie.jpg 1120w, https:\/\/test4.mi-backup.ch\/wp-content\/uploads\/2019\/08\/sw_anna_i_niepokalane_poczecie-300x166.jpg 300w, https:\/\/test4.mi-backup.ch\/wp-content\/uploads\/2019\/08\/sw_anna_i_niepokalane_poczecie-768x425.jpg 768w, https:\/\/test4.mi-backup.ch\/wp-content\/uploads\/2019\/08\/sw_anna_i_niepokalane_poczecie-1024x567.jpg 1024w, https:\/\/test4.mi-backup.ch\/wp-content\/uploads\/2019\/08\/sw_anna_i_niepokalane_poczecie-425x235.jpg 425w, https:\/\/test4.mi-backup.ch\/wp-content\/uploads\/2019\/08\/sw_anna_i_niepokalane_poczecie-600x332.jpg 600w\" sizes=\"(max-width: 1120px) 100vw, 1120px\" \/><\/a>\u015awi\u0119ta Anna by\u0142a wewn\u0119trznym sanktuarium, to w nim ukszta\u0142towa\u0142o si\u0119 \u017cywe tabernakulum, mieszkanie Syna Bo\u017cego, kt\u00f3ry sta\u0142 si\u0119 Cz\u0142owiekiem. Wznios\u0142a definicja dogmatu o Niepokalanym Pocz\u0119ciu utwierdza nas oraz daje nam jeszcze lepszy wgl\u0105d w cudown\u0105 godno\u015b\u0107 \u015awi\u0119tej Anny.<\/p>\n<p>Niepokalane Pocz\u0119cie Naj\u015bwi\u0119tszej Maryi Panny mia\u0142o miejsce w \u0142onie \u015awi\u0119tej Anny, czyni\u0105c je jej w\u0142asnym. Podobnie jak Wcielenie Boga-Cz\u0142owieka moc\u0105 Ducha \u015awi\u0119tego mia\u0142o miejsce w czystym \u0142onie Maryi. Oczywi\u015bcie r\u00f3\u017cnica mi\u0119dzy nimi jest wielka, ale istnieje \u015bcis\u0142a analogia: Niepokalana Matka, kt\u00f3ra mia\u0142a by\u0107 Matk\u0105 Boga, zosta\u0142a ukszta\u0142towana z cia\u0142a i krwi \u015awi\u0119tej Anny, tak jak B\u00f3g-Cz\u0142owiek zosta\u0142 ukszta\u0142towany z cia\u0142a i krwi Maryi. W obu przypadkach Duch \u015awi\u0119ty wszed\u0142 i dokona\u0142 ogromnego cudu \u0142aski.<\/p>\n<p>W chwili pocz\u0119cia \u015awi\u0119ta Anna i \u015awi\u0119ty Joachim przekazali Maryi, a w dalszej kolejnosci Jej synowi Jezusowi cia\u0142o i krew odziedziczone po przodkach. Otrzymane cia\u0142o i krew by\u0142o naznaczone Grzechem Pierworodnym, lecz przekazali je swojemu dziecku bez jakiejkolwiek skazy. Teolog Bossuet m\u00f3g\u0142by powiedzie\u0107: \u201ePocz\u0119cie Maryi (w kt\u00f3rym Anna i Joachim mieli sw\u00f3j udzia\u0142) jest pierwszym i oryginalnym \u017ar\u00f3d\u0142em Krwi Jezusa, kt\u00f3ra p\u0142ynie w naszych \u017cy\u0142ach dzi\u0119ki Sakramentom \u015awi\u0119tym. Niepokalane Pocz\u0119cie to tchnienie \u017cycia w ka\u017cd\u0105 cz\u0119\u015b\u0107 mistycznego Cia\u0142a Chrystusa &#8211; Ko\u015bci\u00f3\u0142 \u201d.<\/p>\n<p>Naj\u015bwi\u0119tsza Maryja Panna by\u0142a Niepokalana przy Pocz\u0119ciu. Co w konsekwencji \u015bwiadczy o tym, \u017ce jej ojciec i matka byli wys\u0142annikami, kt\u00f3rymi B\u00f3g pos\u0142u\u017cy\u0142 si\u0119 przy dokonaniu dzie\u0142a, kt\u00f3re na zawsze pozostanie wyj\u0105tkowe w historii ludzko\u015bci.<\/p>\n<p>Na tej podstwie uznajmy wielko\u015b\u0107 \u015awi\u0119tej Anny. Przy stworzeniu anio\u0142\u00f3w i ludzi, Naj\u015bwi\u0119tsza Tr\u00f3jca, je\u015bli mo\u017cna tak rzec, nie potrzebowa\u0142a wsparcia z zewn\u0105trz. Dokonuj\u0105c Niepokalanego Pocz\u0119cia, ta sama B\u0142ogos\u0142awiona Tr\u00f3jca wezwa\u0142a na pomoc dwoje, kt\u00f3rzy byliby matk\u0105 i ojcem Naj\u015bwi\u0119tszej Dziewicy. Tym aktem nadano im szczeg\u00f3lnie wznios\u0142y charakter.<\/p>\n<p>Nie mo\u017cemy m\u00f3wi\u0107 o S\u0142owie Wcielonym, nie wspominaj\u0105c jednocze\u015bnie o Niej, kt\u00f3r\u0105 B\u00f3g wybra\u0142 na Jego Matk\u0119. Niezastosowanie si\u0119 do tego, jak dowodz\u0105 Ojcowie Ko\u015bcio\u0142a, otwiera drzwi do heretyckich atak\u00f3w na sam\u0105 Osob\u0119 Chrystusa. Podobnie m\u00f3wi\u0105c o Niepokalanym Pocz\u0119ciu, nie wspominaj\u0105c o \u015bw. Annie, kt\u00f3ra tak wspaniale uczestniczy\u0142a w tym godnym podziwu stworzeniu, by\u0142oby zminimalizowaniem godno\u015bci i wielko\u015bci Matki Bo\u017cej.<\/p>\n","protected":false},"excerpt":{"rendered":"<p>\u015awi\u0119ta Anna by\u0142a wewn\u0119trznym sanktuarium, to w nim ukszta\u0142towa\u0142o si\u0119 \u017cywe tabernakulum, mieszkanie Syna Bo\u017cego, kt\u00f3ry sta\u0142 si\u0119 Cz\u0142owiekiem. Wznios\u0142a definicja dogmatu o Niepokalanym Pocz\u0119ciu utwierdza nas oraz daje nam jeszcze lepszy wgl\u0105d w cudown\u0105 godno\u015b\u0107 \u015awi\u0119tej Anny. Niepokalane Pocz\u0119cie Naj\u015bwi\u0119tszej Maryi Panny mia\u0142o miejsce w \u0142onie \u015awi\u0119tej Anny, czyni\u0105c<a class=\"more-link\" href=\"https:\/\/test4.mi-backup.ch\/pl\/swieta-anna-i-niepokalane-poczecie\/\">Czytaj dalej &rarr;<\/a><\/p>\n","protected":false},"author":9,"featured_media":19581,"comment_status":"closed","ping_status":"closed","sticky":false,"template":"","format":"standard","meta":[],"categories":[1],"tags":[],"_links":{"self":[{"href":"https:\/\/test4.mi-backup.ch\/pl\/wp-json\/wp\/v2\/posts\/19570"}],"collection":[{"href":"https:\/\/test4.mi-backup.ch\/pl\/wp-json\/wp\/v2\/posts"}],"about":[{"href":"https:\/\/test4.mi-backup.ch\/pl\/wp-json\/wp\/v2\/types\/post"}],"author":[{"embeddable":true,"href":"https:\/\/test4.mi-backup.ch\/pl\/wp-json\/wp\/v2\/users\/9"}],"replies":[{"embeddable":true,"href":"https:\/\/test4.mi-backup.ch\/pl\/wp-json\/wp\/v2\/comments?post=19570"}],"version-history":[{"count":4,"href":"https:\/\/test4.mi-backup.ch\/pl\/wp-json\/wp\/v2\/posts\/19570\/revisions"}],"predecessor-version":[{"id":19590,"href":"https:\/\/test4.mi-backup.ch\/pl\/wp-json\/wp\/v2\/posts\/19570\/revisions\/19590"}],"wp:featuredmedia":[{"embeddable":true,"href":"https:\/\/test4.mi-backup.ch\/pl\/wp-json\/wp\/v2\/media\/19581"}],"wp:attachment":[{"href":"https:\/\/test4.mi-backup.ch\/pl\/wp-json\/wp\/v2\/media?parent=19570"}],"wp:term":[{"taxonomy":"category","embeddable":true,"href":"https:\/\/test4.mi-backup.ch\/pl\/wp-json\/wp\/v2\/categories?post=19570"},{"taxonomy":"post_tag","embeddable":true,"href":"https:\/\/test4.mi-backup.ch\/pl\/wp-json\/wp\/v2\/tags?post=19570"}],"curies":[{"name":"wp","href":"https:\/\/api.w.org\/{rel}","templated":true}]}}