{"id":19957,"date":"2019-08-29T18:42:30","date_gmt":"2019-08-29T16:42:30","guid":{"rendered":"https:\/\/test4.mi-backup.ch\/?p=19957"},"modified":"2020-01-02T22:25:25","modified_gmt":"2020-01-02T21:25:25","slug":"nowy-numer-triumfu-niepokalanej-2019-03","status":"publish","type":"post","link":"https:\/\/test4.mi-backup.ch\/pl\/nowy-numer-triumfu-niepokalanej-2019-03\/","title":{"rendered":"Nowy numer \u201eTriumfu Niepokalanej\u201d \u2013 nr 3 (61), 2019"},"content":{"rendered":"<p>Drodzy Rycerze,<\/p>\n<p>ukaza\u0142 si\u0119 nowy numer czasopisma \u201eTriumf Niepokalanej\u201d. Serdecznie zach\u0119camy do lektury.<\/p>\n<h4>Rok 2019, numer 3 (61)<\/h4>\n<figure id=\"attachment_19984\" aria-describedby=\"caption-attachment-19984\" style=\"width: 259px\" class=\"wp-caption alignright\"><a href=\"https:\/\/test4.mi-backup.ch\/wp-content\/uploads\/2019\/08\/TN-2019-03.pdf\" class=\"broken_link\"><img loading=\"lazy\" class=\"wp-image-19984 size-full\" src=\"https:\/\/test4.mi-backup.ch\/wp-content\/uploads\/2019\/08\/TN_2019_03-e1567097033904.png\" alt=\"\" width=\"259\" height=\"200\" \/><\/a><figcaption id=\"caption-attachment-19984\" class=\"wp-caption-text\"><a href=\"https:\/\/test4.mi-backup.ch\/wp-content\/uploads\/2019\/08\/TN-2019-03.pdf\" class=\"broken_link\">Pobierz numer 2019\/3 (61) (PDF; 3 MB)<\/a><\/figcaption><\/figure>\n<p>Temat numeru: <em>Kap\u0142an w sercu Maryi, Maryja w sercu kap\u0142ana<\/em><\/p>\n<p>Zawarto\u015b\u0107:<\/p>\n<ul>\n<li>Na sobie nie mo\u017cna polega\u0107<\/li>\n<li>Kap\u0142an w sercu Maryi, Maryja w sercu kap\u0142ana<\/li>\n<li>Ojciec dyrektor M.I. o kap\u0142a\u0144stwie<\/li>\n<li>Wsp\u00f3lnota Modlitwy za Kap\u0142an\u00f3w<\/li>\n<li>Bo\u017ca s\u0142u\u017cba<\/li>\n<li>Preambu\u0142a wiary \u2014 dusza ludzka<\/li>\n<li>Owoce modlitwy r\u00f3\u017ca\u0144cowej<\/li>\n<li>Nowi Rycerze po wyk\u0142adzie o Niepokalanej w Katowicach<\/li>\n<li>Wyk\u0142ad ks. Karola Stehlina w Gnie\u017anie<\/li>\n<li>Gniezno prosi Niepokalan\u0105 o opiek\u0119<\/li>\n<li>Konferencja dyrektora M.I. dla m\u0142odych Rycerzy<\/li>\n<li>Dzia\u0142 maryjny na stronie Domu Generalnego Bractwa<\/li>\n<li>Owocna dla M.I. wizyta w Rosji<\/li>\n<li>Milion medalik\u00f3w Niepokalanej<\/li>\n<li>Pi\u0119ciu nowych Rycerzy w Wielkiej Brytanii<\/li>\n<li>Ponad 445 nowych Rycerzy we Francji<\/li>\n<li>Rycerstwo Niepokalanej w Holandii<\/li>\n<li>M.I. rozwija si\u0119 w Ameryce \u015arodkowej<\/li>\n<\/ul>\n<p>Poprzednie numery mo\u017cna pobra\u0107 z <a href=\"https:\/\/test4.mi-backup.ch\/pl\/czasopisma-mi\/triumf-niepokalanej\/\">archiwum<\/a>.<\/p>\n","protected":false},"excerpt":{"rendered":"<p>Drodzy Rycerze, ukaza\u0142 si\u0119 nowy numer czasopisma \u201eTriumf Niepokalanej\u201d. Serdecznie zach\u0119camy do lektury. Rok 2019, numer 3 (61) Temat numeru: Kap\u0142an w sercu Maryi, Maryja w sercu kap\u0142ana Zawarto\u015b\u0107: Na sobie nie mo\u017cna polega\u0107 Kap\u0142an w sercu Maryi, Maryja w sercu kap\u0142ana Ojciec dyrektor M.I. o kap\u0142a\u0144stwie Wsp\u00f3lnota Modlitwy za<a class=\"more-link\" href=\"https:\/\/test4.mi-backup.ch\/pl\/nowy-numer-triumfu-niepokalanej-2019-03\/\">Czytaj dalej &rarr;<\/a><\/p>\n","protected":false},"author":9,"featured_media":19984,"comment_status":"closed","ping_status":"closed","sticky":false,"template":"","format":"standard","meta":[],"categories":[414],"tags":[],"_links":{"self":[{"href":"https:\/\/test4.mi-backup.ch\/pl\/wp-json\/wp\/v2\/posts\/19957"}],"collection":[{"href":"https:\/\/test4.mi-backup.ch\/pl\/wp-json\/wp\/v2\/posts"}],"about":[{"href":"https:\/\/test4.mi-backup.ch\/pl\/wp-json\/wp\/v2\/types\/post"}],"author":[{"embeddable":true,"href":"https:\/\/test4.mi-backup.ch\/pl\/wp-json\/wp\/v2\/users\/9"}],"replies":[{"embeddable":true,"href":"https:\/\/test4.mi-backup.ch\/pl\/wp-json\/wp\/v2\/comments?post=19957"}],"version-history":[{"count":7,"href":"https:\/\/test4.mi-backup.ch\/pl\/wp-json\/wp\/v2\/posts\/19957\/revisions"}],"predecessor-version":[{"id":23686,"href":"https:\/\/test4.mi-backup.ch\/pl\/wp-json\/wp\/v2\/posts\/19957\/revisions\/23686"}],"wp:featuredmedia":[{"embeddable":true,"href":"https:\/\/test4.mi-backup.ch\/pl\/wp-json\/wp\/v2\/media\/19984"}],"wp:attachment":[{"href":"https:\/\/test4.mi-backup.ch\/pl\/wp-json\/wp\/v2\/media?parent=19957"}],"wp:term":[{"taxonomy":"category","embeddable":true,"href":"https:\/\/test4.mi-backup.ch\/pl\/wp-json\/wp\/v2\/categories?post=19957"},{"taxonomy":"post_tag","embeddable":true,"href":"https:\/\/test4.mi-backup.ch\/pl\/wp-json\/wp\/v2\/tags?post=19957"}],"curies":[{"name":"wp","href":"https:\/\/api.w.org\/{rel}","templated":true}]}}