{"id":24590,"date":"2020-02-13T22:07:43","date_gmt":"2020-02-13T21:07:43","guid":{"rendered":"https:\/\/test4.mi-backup.ch\/?p=24590"},"modified":"2020-02-13T22:13:01","modified_gmt":"2020-02-13T21:13:01","slug":"nowi-rycerze-w-polsce-i-na-swiecie","status":"publish","type":"post","link":"https:\/\/test4.mi-backup.ch\/pl\/nowi-rycerze-w-polsce-i-na-swiecie\/","title":{"rendered":"Nowi Rycerze w Polsce i w Gabonie"},"content":{"rendered":"<p><span style=\"font-size: medium\">W dniu 10 lutego 2020 r., na zako\u0144czenie rekolekcji montforta\u0144skich odbywaj\u0105cych si\u0119 w Polsce, ks. Karol Stehlin przyj\u0105\u0142 14 nowych Rycerzy.<\/span><\/p>\n<p><span style=\"font-size: medium\">Wcze\u015bniej, w pierwszych dniach lutego, ks. Karol przyj\u0105\u0142 84 Rycerzy w Gabonie (Afryka). W poczet Rycerstwa wst\u0105pi\u0142o 3 kap\u0142an\u00f3w i 81 uczni\u00f3w gimnazjum i liceum m\u0119skiego (<\/span><span style=\"color: #000000\"><span style=\"font-size: medium\">le Coll\u00e8ge &amp; Lyc\u00e9e Notre Dame de La Merci)<\/span><\/span><span style=\"font-size: medium\"> w <\/span><span style=\"color: #000000\"><span style=\"font-size: medium\">Libreville \u2014 misji, kt\u00f3r\u0105 za\u0142o\u017cy\u0142 arcybiskup M. Lefebvre.<\/span><\/span><\/p>\n","protected":false},"excerpt":{"rendered":"<p>W dniu 10 lutego 2020 r., na zako\u0144czenie rekolekcji montforta\u0144skich odbywaj\u0105cych si\u0119 w Polsce, ks. Karol Stehlin przyj\u0105\u0142 14 nowych Rycerzy. Wcze\u015bniej, w pierwszych dniach lutego, ks. Karol przyj\u0105\u0142 84 Rycerzy w Gabonie (Afryka). W poczet Rycerstwa wst\u0105pi\u0142o 3 kap\u0142an\u00f3w i 81 uczni\u00f3w gimnazjum i liceum m\u0119skiego (le Coll\u00e8ge &amp;<a class=\"more-link\" href=\"https:\/\/test4.mi-backup.ch\/pl\/nowi-rycerze-w-polsce-i-na-swiecie\/\">Czytaj dalej &rarr;<\/a><\/p>\n","protected":false},"author":9,"featured_media":24579,"comment_status":"closed","ping_status":"closed","sticky":false,"template":"","format":"standard","meta":[],"categories":[1],"tags":[],"_links":{"self":[{"href":"https:\/\/test4.mi-backup.ch\/pl\/wp-json\/wp\/v2\/posts\/24590"}],"collection":[{"href":"https:\/\/test4.mi-backup.ch\/pl\/wp-json\/wp\/v2\/posts"}],"about":[{"href":"https:\/\/test4.mi-backup.ch\/pl\/wp-json\/wp\/v2\/types\/post"}],"author":[{"embeddable":true,"href":"https:\/\/test4.mi-backup.ch\/pl\/wp-json\/wp\/v2\/users\/9"}],"replies":[{"embeddable":true,"href":"https:\/\/test4.mi-backup.ch\/pl\/wp-json\/wp\/v2\/comments?post=24590"}],"version-history":[{"count":3,"href":"https:\/\/test4.mi-backup.ch\/pl\/wp-json\/wp\/v2\/posts\/24590\/revisions"}],"predecessor-version":[{"id":24593,"href":"https:\/\/test4.mi-backup.ch\/pl\/wp-json\/wp\/v2\/posts\/24590\/revisions\/24593"}],"wp:featuredmedia":[{"embeddable":true,"href":"https:\/\/test4.mi-backup.ch\/pl\/wp-json\/wp\/v2\/media\/24579"}],"wp:attachment":[{"href":"https:\/\/test4.mi-backup.ch\/pl\/wp-json\/wp\/v2\/media?parent=24590"}],"wp:term":[{"taxonomy":"category","embeddable":true,"href":"https:\/\/test4.mi-backup.ch\/pl\/wp-json\/wp\/v2\/categories?post=24590"},{"taxonomy":"post_tag","embeddable":true,"href":"https:\/\/test4.mi-backup.ch\/pl\/wp-json\/wp\/v2\/tags?post=24590"}],"curies":[{"name":"wp","href":"https:\/\/api.w.org\/{rel}","templated":true}]}}