{"id":27170,"date":"2020-04-01T20:50:45","date_gmt":"2020-04-01T18:50:45","guid":{"rendered":"https:\/\/test4.mi-backup.ch\/?p=27170"},"modified":"2020-04-15T20:54:09","modified_gmt":"2020-04-15T18:54:09","slug":"relacja-ze-zlotu-rycerstwa-niepokalanej-dla-chlopcow-poznan-luty-2020","status":"publish","type":"post","link":"https:\/\/test4.mi-backup.ch\/pl\/relacja-ze-zlotu-rycerstwa-niepokalanej-dla-chlopcow-poznan-luty-2020\/","title":{"rendered":"Relacja ze zlotu Rycerstwa Niepokalanej dla ch\u0142opc\u00f3w \u2013 Pozna\u0144, luty 2020"},"content":{"rendered":"<p><img loading=\"lazy\" class=\"size-full wp-image-27171 aligncenter\" src=\"https:\/\/test4.mi-backup.ch\/wp-content\/uploads\/2020\/04\/Relcja.jpg\" alt=\"\" width=\"900\" height=\"545\" srcset=\"https:\/\/test4.mi-backup.ch\/wp-content\/uploads\/2020\/04\/Relcja.jpg 900w, https:\/\/test4.mi-backup.ch\/wp-content\/uploads\/2020\/04\/Relcja-300x182.jpg 300w, https:\/\/test4.mi-backup.ch\/wp-content\/uploads\/2020\/04\/Relcja-768x465.jpg 768w, https:\/\/test4.mi-backup.ch\/wp-content\/uploads\/2020\/04\/Relcja-425x257.jpg 425w, https:\/\/test4.mi-backup.ch\/wp-content\/uploads\/2020\/04\/Relcja-600x363.jpg 600w\" sizes=\"(max-width: 900px) 100vw, 900px\" \/>W dniach 28.02-01.03 odby\u0142 si\u0119 zlot MI dla ch\u0142opc\u00f3w. W pi\u0105tek o godz. 15.00 ruszyli\u015bmy poci\u0105giem z Warszawy, by po czterech godzinach dotrze\u0107 do Poznania. Na miejscu do\u0142\u0105czy\u0142o do nas kilku ch\u0142opak\u00f3w z miejscowej kaplicy Bractwa. Po kr\u00f3tkim spacerze dotarli\u015bmy do o\u015brodka szkolnego, w kt\u00f3rym mieli\u015bmy zarezerwowany nocleg. Zjedli\u015bmy kolacj\u0119, wys\u0142uchali\u015bmy wyk\u0142adu br. Maksymiliana, kt\u00f3ry zach\u0119ca\u0142 do d\u0105\u017cenia do doskona\u0142o\u015bci, obieraj\u0105c za wz\u00f3r \u015bw. Teresk\u0119 od Dzieci\u0105tka Jezus i jej \u201edrog\u0119 dzieci\u0119ctwa duchowego\u201d. Nast\u0119pnie udali\u015bmy si\u0119 do parku, \u017ceby pogra\u0107 w r\u00f3\u017cne gry na \u015bwie\u017cym powietrzu. Dzie\u0144 zako\u0144czyli\u015bmy wsp\u00f3lnym r\u00f3\u017ca\u0144cem.<\/p>\n<p>Sobot\u0119 sp\u0119dzili\u015bmy bardzo intensywnie. Rano wyruszyli\u015bmy komunikacj\u0105 miejsk\u0105 do kaplicy na Msz\u0119 \u015bw. i r\u00f3\u017caniec, potem zjedli\u015bmy \u015bniadanie. Udali\u015bmy si\u0119 nast\u0119pnie do Muzeum Wojsk Pancernych, gdzie mieli\u015bmy mo\u017cliwo\u015b\u0107 zobaczy\u0107 r\u00f3\u017cnego rodzaju pojazdy Wojska Polskiego u\u017cywane w ostatnich latach. Jednym z eksponat\u00f3w by\u0142 czo\u0142g Rudy 102, kt\u00f3ry po modyfikacji s\u0142u\u017cy\u0142 do kr\u0119cenia serialu Czterej pancerni. Obiad zjedli\u015bmy na mie\u015bcie. Nast\u0119pnie podzielili\u015bmy si\u0119 na dwie grupy: grupa warszawska zwiedzi\u0142a Zamek Kr\u00f3lewski w Poznaniu oraz podziwia\u0142a pi\u0119kn\u0105 panoram\u0119 Poznania z Wie\u017cy Widokowej, a pozostali zwiedzali okoliczne ko\u015bcio\u0142y i zabytki na Starym Rynku. Kolejn\u0105 atrakcj\u0105 tego dnia by\u0142a jazda na \u0142y\u017cwach na profesjonalnym lodowisku do hokeja. Nast\u0119pnie udali\u015bmy si\u0119 do parku trampolin, gdzie mo\u017cna by\u0142o korzysta\u0107 z r\u00f3\u017cnych atrakcji, takich jak skocznie, trampoliny, siatki wspinaczkowe, itp. Dzie\u0144 zako\u0144czyli\u015bmy kolacj\u0105 w postaci pizzy, grze fabularnej oraz wsp\u00f3lnej modlitwie.<\/p>\n<p>Ostatniego dnia wstali\u015bmy rano, by zje\u015b\u0107 \u015bniadanie i uda\u0107 si\u0119 na niedzieln\u0105 Msz\u0119 \u015bw. Po Mszy by\u0142 czas na spakowanie si\u0119 i sprz\u0105tanie swoich pokoj\u00f3w. Wymeldowali\u015bmy si\u0119 z o\u015brodka i udali\u015bmy si\u0119 na spacer po pozna\u0144skim rynku. Podczas powrotu do Warszawy umilali\u015bmy sobie jazd\u0119 poci\u0105giem grami i rozmowami.<\/p>\n<p>Zdj\u0119cia ze zlotu dost\u0119pne s\u0105 pod <a href=\"https:\/\/akwinataedupl-my.sharepoint.com\/:f:\/g\/personal\/br_maksymilian_akwinata_edu_pl\/EhA12ZjkbOpErEeCV0UfoSsBIjsDPXcZaLCRK0gBlrGDpg?e=THTxCC\" target=\"_blank\" rel=\"noopener noreferrer\">tym adresem<\/a>.<\/p>\n","protected":false},"excerpt":{"rendered":"<p>W dniach 28.02-01.03 odby\u0142 si\u0119 zlot MI dla ch\u0142opc\u00f3w. W pi\u0105tek o godz. 15.00 ruszyli\u015bmy poci\u0105giem z Warszawy, by po czterech godzinach dotrze\u0107 do Poznania. Na miejscu do\u0142\u0105czy\u0142o do nas kilku ch\u0142opak\u00f3w z miejscowej kaplicy Bractwa. Po kr\u00f3tkim spacerze dotarli\u015bmy do o\u015brodka szkolnego, w kt\u00f3rym mieli\u015bmy zarezerwowany nocleg. Zjedli\u015bmy kolacj\u0119,<a class=\"more-link\" href=\"https:\/\/test4.mi-backup.ch\/pl\/relacja-ze-zlotu-rycerstwa-niepokalanej-dla-chlopcow-poznan-luty-2020\/\">Czytaj dalej &rarr;<\/a><\/p>\n","protected":false},"author":9,"featured_media":27179,"comment_status":"closed","ping_status":"closed","sticky":false,"template":"","format":"standard","meta":[],"categories":[1],"tags":[],"_links":{"self":[{"href":"https:\/\/test4.mi-backup.ch\/pl\/wp-json\/wp\/v2\/posts\/27170"}],"collection":[{"href":"https:\/\/test4.mi-backup.ch\/pl\/wp-json\/wp\/v2\/posts"}],"about":[{"href":"https:\/\/test4.mi-backup.ch\/pl\/wp-json\/wp\/v2\/types\/post"}],"author":[{"embeddable":true,"href":"https:\/\/test4.mi-backup.ch\/pl\/wp-json\/wp\/v2\/users\/9"}],"replies":[{"embeddable":true,"href":"https:\/\/test4.mi-backup.ch\/pl\/wp-json\/wp\/v2\/comments?post=27170"}],"version-history":[{"count":1,"href":"https:\/\/test4.mi-backup.ch\/pl\/wp-json\/wp\/v2\/posts\/27170\/revisions"}],"predecessor-version":[{"id":27187,"href":"https:\/\/test4.mi-backup.ch\/pl\/wp-json\/wp\/v2\/posts\/27170\/revisions\/27187"}],"wp:featuredmedia":[{"embeddable":true,"href":"https:\/\/test4.mi-backup.ch\/pl\/wp-json\/wp\/v2\/media\/27179"}],"wp:attachment":[{"href":"https:\/\/test4.mi-backup.ch\/pl\/wp-json\/wp\/v2\/media?parent=27170"}],"wp:term":[{"taxonomy":"category","embeddable":true,"href":"https:\/\/test4.mi-backup.ch\/pl\/wp-json\/wp\/v2\/categories?post=27170"},{"taxonomy":"post_tag","embeddable":true,"href":"https:\/\/test4.mi-backup.ch\/pl\/wp-json\/wp\/v2\/tags?post=27170"}],"curies":[{"name":"wp","href":"https:\/\/api.w.org\/{rel}","templated":true}]}}