{"id":27520,"date":"2020-06-02T17:00:11","date_gmt":"2020-06-02T15:00:11","guid":{"rendered":"https:\/\/test4.mi-backup.ch\/?p=27520"},"modified":"2020-06-02T18:45:52","modified_gmt":"2020-06-02T16:45:52","slug":"transmisja-on-line-z-adoracji-najswietszego-sakramentu-w-intencji-zadoscuczynienia-panu-bogu-za-grzech-aborcji","status":"publish","type":"post","link":"https:\/\/test4.mi-backup.ch\/pl\/transmisja-on-line-z-adoracji-najswietszego-sakramentu-w-intencji-zadoscuczynienia-panu-bogu-za-grzech-aborcji\/","title":{"rendered":"Transmisja on-line z adoracji Naj\u015bwi\u0119tszego Sakramentu w intencji zado\u015b\u0107uczynienia Panu Bogu za grzech aborcji"},"content":{"rendered":"<p><a href=\"https:\/\/test4.mi-backup.ch\/wp-content\/uploads\/2020\/06\/2020-warszawa-adoracja-wynagradzajaca.jpg\"><img loading=\"lazy\" class=\"aligncenter wp-image-28788 size-full\" src=\"https:\/\/test4.mi-backup.ch\/wp-content\/uploads\/2020\/06\/2020-warszawa-adoracja-wynagradzajaca.jpg\" alt=\"\" width=\"570\" height=\"200\" srcset=\"https:\/\/test4.mi-backup.ch\/wp-content\/uploads\/2020\/06\/2020-warszawa-adoracja-wynagradzajaca.jpg 570w, https:\/\/test4.mi-backup.ch\/wp-content\/uploads\/2020\/06\/2020-warszawa-adoracja-wynagradzajaca-300x105.jpg 300w, https:\/\/test4.mi-backup.ch\/wp-content\/uploads\/2020\/06\/2020-warszawa-adoracja-wynagradzajaca-425x149.jpg 425w\" sizes=\"(max-width: 570px) 100vw, 570px\" \/><\/a>W ka\u017cdy <strong>wtorek<\/strong> tygodnia o godz. <strong>16.30<\/strong> b\u0119dzie mia\u0142a miejsce transmisja on-line z adoracji Naj\u015bwi\u0119tszego Sakramentu w intencji zado\u015b\u0107uczynienia Panu Bogu za grzech aborcji, deprawacj\u0119 dzieci i m\u0142odzie\u017cy w plac\u00f3wkach o\u015bwiatowych oraz nawr\u00f3cenia tych, kt\u00f3rzy s\u0105 za to odpowiedzialni.<\/p>\n<p>Transmisja dost\u0119pna na stronie Bractwa:<\/p>\n<p><a href=\"https:\/\/www.piusx.org.pl\/komunikaty\/2020\/112\" target=\"_blank\" rel=\"noopener noreferrer\">https:\/\/www.piusx.org.pl\/komunikaty\/2020\/112<\/a><\/p>\n","protected":false},"excerpt":{"rendered":"<p>W ka\u017cdy wtorek tygodnia o godz. 16.30 b\u0119dzie mia\u0142a miejsce transmisja on-line z adoracji Naj\u015bwi\u0119tszego Sakramentu w intencji zado\u015b\u0107uczynienia Panu Bogu za grzech aborcji, deprawacj\u0119 dzieci i m\u0142odzie\u017cy w plac\u00f3wkach o\u015bwiatowych oraz nawr\u00f3cenia tych, kt\u00f3rzy s\u0105 za to odpowiedzialni. Transmisja dost\u0119pna na stronie Bractwa: https:\/\/www.piusx.org.pl\/komunikaty\/2020\/112<a class=\"more-link\" href=\"https:\/\/test4.mi-backup.ch\/pl\/transmisja-on-line-z-adoracji-najswietszego-sakramentu-w-intencji-zadoscuczynienia-panu-bogu-za-grzech-aborcji\/\">Czytaj dalej &rarr;<\/a><\/p>\n","protected":false},"author":9,"featured_media":28544,"comment_status":"closed","ping_status":"closed","sticky":false,"template":"","format":"standard","meta":[],"categories":[1],"tags":[],"_links":{"self":[{"href":"https:\/\/test4.mi-backup.ch\/pl\/wp-json\/wp\/v2\/posts\/27520"}],"collection":[{"href":"https:\/\/test4.mi-backup.ch\/pl\/wp-json\/wp\/v2\/posts"}],"about":[{"href":"https:\/\/test4.mi-backup.ch\/pl\/wp-json\/wp\/v2\/types\/post"}],"author":[{"embeddable":true,"href":"https:\/\/test4.mi-backup.ch\/pl\/wp-json\/wp\/v2\/users\/9"}],"replies":[{"embeddable":true,"href":"https:\/\/test4.mi-backup.ch\/pl\/wp-json\/wp\/v2\/comments?post=27520"}],"version-history":[{"count":5,"href":"https:\/\/test4.mi-backup.ch\/pl\/wp-json\/wp\/v2\/posts\/27520\/revisions"}],"predecessor-version":[{"id":27800,"href":"https:\/\/test4.mi-backup.ch\/pl\/wp-json\/wp\/v2\/posts\/27520\/revisions\/27800"}],"wp:featuredmedia":[{"embeddable":true,"href":"https:\/\/test4.mi-backup.ch\/pl\/wp-json\/wp\/v2\/media\/28544"}],"wp:attachment":[{"href":"https:\/\/test4.mi-backup.ch\/pl\/wp-json\/wp\/v2\/media?parent=27520"}],"wp:term":[{"taxonomy":"category","embeddable":true,"href":"https:\/\/test4.mi-backup.ch\/pl\/wp-json\/wp\/v2\/categories?post=27520"},{"taxonomy":"post_tag","embeddable":true,"href":"https:\/\/test4.mi-backup.ch\/pl\/wp-json\/wp\/v2\/tags?post=27520"}],"curies":[{"name":"wp","href":"https:\/\/api.w.org\/{rel}","templated":true}]}}