{"id":31066,"date":"2020-09-12T12:51:59","date_gmt":"2020-09-12T10:51:59","guid":{"rendered":"https:\/\/test4.mi-backup.ch\/?p=31066"},"modified":"2020-09-12T12:51:59","modified_gmt":"2020-09-12T10:51:59","slug":"blogoslawieni-ktorzy-strzega-drog-moich","status":"publish","type":"post","link":"https:\/\/test4.mi-backup.ch\/pl\/blogoslawieni-ktorzy-strzega-drog-moich\/","title":{"rendered":"B\u0142ogos\u0142awieni,  kt\u00f3rzy strzeg\u0105 dr\u00f3g moich"},"content":{"rendered":"<p>\u201e<b>Serce, kt\u00f3re chodzi dwiema drogami, nie b\u0119dzie mia\u0142o szcz\u0119\u015bcia, a cz\u0142owiek z\u0142ego serca potknie si\u0119 na nich\u201d (Ksi\u0119ga Eklezjastyka 3:28). Ludzie z\u0142ego serca to ludzie \u015bwiatowi, kt\u00f3rzy zawsze bardziej gorsz\u0105 si\u0119 grzechami \u201edobrych\u201d ni\u017c najgorszymi zbrodniami niegodziwc\u00f3w.<\/b><\/p>\n<p>I maj\u0105 wi\u0119cej racji, ni\u017c s\u0105dz\u0105, poniewa\u017c przewiny dobrych s\u0105 wynikiem odst\u0119pstwa od dr\u00f3g Bo\u017cych. Jest to spowodowane, jak m\u00f3wi o. Faber, ci\u0105g\u0142ym nara\u017ceniem katolik\u00f3w \u017cyj\u0105cych w \u015bwiecie na pokusy minimalistycznego traktowania wiary, praktykowania jej z uwzgl\u0119dnieniem pogl\u0105d\u00f3w niekatolik\u00f3w, a tym samym pod\u0105\u017cania dwiema drogami zamiast jednej.<\/p>\n<p>A zatem jedyna prawdziwa droga jest zatarta przez brak refleksji i pilno\u015bci w pod\u0105\u017caniu prawdziw\u0105 \u015bcie\u017ck\u0105. Drog\u0105 szczeg\u00f3lnie katolick\u0105, kt\u00f3rej ten \u015bwiat nie potrafi uzna\u0107, jest nabo\u017ce\u0144stwo do Maryi \u2013 a to jest w\u0142a\u015bnie droga Bo\u017ca. Potkni\u0119cia na tej drodze w wyniku braku pobo\u017cno\u015bci s\u0105 powodem obecnego upadku katolik\u00f3w. Rozwa\u017cymy wi\u0119c, w jaki spos\u00f3b Maryja mo\u017ce uzdrowi\u0107 nas z owego \u201epodw\u00f3jnego serca\u201d.<\/p>\n<p>Maryja jest Drog\u0105 Ko\u015bcio\u0142a, poniewa\u017c jest Drog\u0105 Boga. Jak architekt trzyma si\u0119 praw Bo\u017cych, buduj\u0105c dom, tak Ko\u015bci\u00f3\u0142 trzyma si\u0119 Jego praw, praktykuj\u0105c nabo\u017ce\u0144stwo do Maryi. Maryja nie jest tworem Ko\u015bcio\u0142a, ale Boga, a poniewa\u017c jest stworzona przez Boga i do Niego nale\u017cy, jest Ona skarbem Ko\u015bcio\u0142a.<\/p>\n<p>\u015awi\u0119to Narodzenia Maryi ukazuje nam t\u0119 prawd\u0119 bardzo jasno. Lekcja z Mszy z tego dnia m\u00f3wi: \u201ePan posiad\u0142 mnie na pocz\u0105tku dr\u00f3g swoich, zanim cokolwiek od pocz\u0105tku uczyni\u0142 (\u2026) a rozkosz moja przebywa\u0107 w\u015br\u00f3d syn\u00f3w ludzkich\u201d (Prz 8:22, 31).<\/p>\n<p>Cho\u0107 narodziny Maryi mia\u0142y miejsce d\u0142ugo po Stworzeniu \u015bwiata, jest Ona prawdziwie pocz\u0105tkiem dr\u00f3g Bo\u017cych, poniewa\u017c to w Jej \u0142onie druga Osoba Tr\u00f3jcy \u015awi\u0119tej sta\u0142a si\u0119 Cz\u0142owiekiem i rozpocz\u0119\u0142a swoj\u0105 drog\u0119 poszukiwania grzesznik\u00f3w, by uczy\u0107 ich dr\u00f3g Bo\u017cych. Ju\u017c przed stworzeniem \u015bwiata B\u00f3g obmy\u015bli\u0142 nasze zbawienie i jego dok\u0142adne wype\u0142nienie, rozpoczynaj\u0105ce si\u0119 w Jezusie i Maryi.<\/p>\n<p><span lang=\"pl-PL\">To <\/span><span lang=\"pl-PL\">B<\/span><span lang=\"pl-PL\">oskie przeznaczenie <\/span><span lang=\"pl-PL\">obejmuje<\/span><span lang=\"pl-PL\"> jednocze\u015bnie wszystkich biednych grzesznik\u00f3w, poniewa\u017c r<\/span><span lang=\"pl-PL\">ozkosz<\/span><span lang=\"pl-PL\"> Matki Boga w przebywaniu po\u015br\u00f3d Jej dzieci <\/span><span lang=\"pl-PL\">spe\u0142ni\u0142a<\/span><span lang=\"pl-PL\"> si\u0119 w Jezusie, Jej <\/span><span lang=\"pl-PL\">B<\/span><span lang=\"pl-PL\">oskim Synu. Dlatego <\/span><span lang=\"pl-PL\">Lekcja <\/span><span lang=\"pl-PL\">g\u0142osi<\/span><span lang=\"pl-PL\"> dalej: \u201eA rozkosz moja <\/span><span lang=\"pl-PL\">przebywa\u0107 w\u015br\u00f3d syn\u00f3w ludzkich. <\/span><span lang=\"pl-PL\">Teraz wi\u0119c, synowie, s\u0142uchajcie mnie: B\u0142ogos\u0142awieni, kt\u00f3rzy strzeg\u0105 dr\u00f3g moich. S\u0142uchajcie nauki, a b\u0105d\u017acie m\u0105drzy i nie odrzucajcie jej\u201d.<\/span><\/p>\n<p>Drogi Maryi to my\u015bli o Naj\u015bwi\u0119tszym Sercu Jezusa, Jego prawach i Jego sakramentach. Strze\u017cenie tych dr\u00f3g oznacza zachowywanie ich w naszych sercach i gorliwe ich rozwa\u017canie, aby si\u0119 ich trzyma\u0107. W spos\u00f3b nieunikniony musimy zaniecha\u0107 pod\u0105\u017cania dwiema drogami, a co wi\u0119cej, ka\u017cdej drogi wiod\u0105cej do grzechu. Szczeg\u00f3lnym \u015brodkiem wyrzeczenia si\u0119 dw\u00f3ch dr\u00f3g i pod\u0105\u017cania za Chrystusem w Maryi jest r\u00f3\u017caniec. <i>Ave Maria!<\/i><\/p>\n<p><span style=\"font-size: small;\"><i>fsspx.news<\/i><\/span><\/p>\n","protected":false},"excerpt":{"rendered":"<p>\u201eSerce, kt\u00f3re chodzi dwiema drogami, nie b\u0119dzie mia\u0142o szcz\u0119\u015bcia, a cz\u0142owiek z\u0142ego serca potknie si\u0119 na nich\u201d (Ksi\u0119ga Eklezjastyka 3:28). Ludzie z\u0142ego serca to ludzie \u015bwiatowi, kt\u00f3rzy zawsze bardziej gorsz\u0105 si\u0119 grzechami \u201edobrych\u201d ni\u017c najgorszymi zbrodniami niegodziwc\u00f3w. I maj\u0105 wi\u0119cej racji, ni\u017c s\u0105dz\u0105, poniewa\u017c przewiny dobrych s\u0105 wynikiem odst\u0119pstwa od<a class=\"more-link\" href=\"https:\/\/test4.mi-backup.ch\/pl\/blogoslawieni-ktorzy-strzega-drog-moich\/\">Czytaj dalej &rarr;<\/a><\/p>\n","protected":false},"author":9,"featured_media":30969,"comment_status":"closed","ping_status":"closed","sticky":false,"template":"","format":"standard","meta":[],"categories":[1],"tags":[],"_links":{"self":[{"href":"https:\/\/test4.mi-backup.ch\/pl\/wp-json\/wp\/v2\/posts\/31066"}],"collection":[{"href":"https:\/\/test4.mi-backup.ch\/pl\/wp-json\/wp\/v2\/posts"}],"about":[{"href":"https:\/\/test4.mi-backup.ch\/pl\/wp-json\/wp\/v2\/types\/post"}],"author":[{"embeddable":true,"href":"https:\/\/test4.mi-backup.ch\/pl\/wp-json\/wp\/v2\/users\/9"}],"replies":[{"embeddable":true,"href":"https:\/\/test4.mi-backup.ch\/pl\/wp-json\/wp\/v2\/comments?post=31066"}],"version-history":[{"count":1,"href":"https:\/\/test4.mi-backup.ch\/pl\/wp-json\/wp\/v2\/posts\/31066\/revisions"}],"predecessor-version":[{"id":31067,"href":"https:\/\/test4.mi-backup.ch\/pl\/wp-json\/wp\/v2\/posts\/31066\/revisions\/31067"}],"wp:featuredmedia":[{"embeddable":true,"href":"https:\/\/test4.mi-backup.ch\/pl\/wp-json\/wp\/v2\/media\/30969"}],"wp:attachment":[{"href":"https:\/\/test4.mi-backup.ch\/pl\/wp-json\/wp\/v2\/media?parent=31066"}],"wp:term":[{"taxonomy":"category","embeddable":true,"href":"https:\/\/test4.mi-backup.ch\/pl\/wp-json\/wp\/v2\/categories?post=31066"},{"taxonomy":"post_tag","embeddable":true,"href":"https:\/\/test4.mi-backup.ch\/pl\/wp-json\/wp\/v2\/tags?post=31066"}],"curies":[{"name":"wp","href":"https:\/\/api.w.org\/{rel}","templated":true}]}}