{"id":31952,"date":"2020-10-17T18:17:13","date_gmt":"2020-10-17T16:17:13","guid":{"rendered":"https:\/\/test4.mi-backup.ch\/?p=31952"},"modified":"2020-10-17T22:57:46","modified_gmt":"2020-10-17T20:57:46","slug":"krolowa-pustyni","status":"publish","type":"post","link":"https:\/\/test4.mi-backup.ch\/pl\/krolowa-pustyni\/","title":{"rendered":"Kr\u00f3lowa Pustyni"},"content":{"rendered":"<p>Kr\u00f3lowa Pustyni<br \/>\nMaryja Panna jest Kr\u00f3low\u0105 pustyni: \u201cQuae est ista? Kt\u00f3ra\u017c to jest, kt\u00f3ra wst\u0119puje z puszczy, oparta o mi\u0142ego swego?\u201d* Milcz\u0105cy podziw wobec Dziewicy Maryi. Quae est ista? Szko\u0142a milczenia zaczyna si\u0119 od podziwu.<br \/>\nGdy J\u0105 rozwa\u017camy, gdy na Ni\u0105 patrzymy, nie mo\u017cemy Jej nie podziwia\u0107. Ten podziw, odpowiadaj\u0105cy szczeg\u00f3lnie dojrza\u0142ej formie mi\u0142o\u015bci, b\u0119dzie dla nas \u017ar\u00f3d\u0142em wzrastania \u0142ask, wzrastania ciszy.<\/p>\n<p>Cisza pustyni\u2026 To Ona, Dziewica Maryja, zosta\u0142a wezwana na pustyni\u0119, by s\u0142ucha\u0107 swego Ukochanego, by przez Niego by\u0107 pouczon\u0105 i wyniesion\u0105. Ona naprawd\u0119 jest pierwsz\u0105, najbardziej uprzywilejowan\u0105, t\u0105, kt\u00f3ra by\u0142a tam wezwana przed wszystkimi innymi. Zosta\u0142a zupe\u0142nie odseparowana od wszelkiego stworzenia przez swoje Niepokalane Pocz\u0119cie. Przed Bogiem Maryja jest czystym potencja\u0142em. Nie ma w Niej absolutnie nic, co mog\u0142oby powstrzyma\u0107 wylewanie si\u0119 pe\u0142ni Boga. Ona prawdziwie jest dla Boga doskona\u0142\u0105 pustyni\u0105. Nic w Niej nie stoi w sprzeczno\u015bci do Niego. Ten potencja\u0142 Boga jest moc\u0105 wci\u0105\u017c wzbogacan\u0105 bosk\u0105 pe\u0142ni\u0105: od pierwszej chwili swego pocz\u0119cia jest to pe\u0142nia \u0142aski. Ona jest nape\u0142niona \u0142ask\u0105 w stopniu przewy\u017cszaj\u0105cym wszystkich \u015awi\u0119tych i Anio\u0142\u00f3w razem wzi\u0119tych, a ta pe\u0142nia \u0142aski stale wzrasta.<\/p>\n<p>Z kolei w wymiarze cielesnym staje si\u0119 Ona pustyni\u0105 nape\u0142nion\u0105 Jezusem Chrystusem. Przez dziewi\u0119\u0107 miesi\u0119cy fizycznie nosi Tego, kt\u00f3ry jest \u0142ask\u0105. S\u0105 zatem w Jej duszy faktycznie te cechy pustyni, kt\u00f3re sprawiaj\u0105, \u017ce Jezus Chrystus czuje si\u0119 tam zupe\u0142nie jak u siebie, zupe\u0142nie jak w domu z Ni\u0105. Ona nie tylko jest t\u0105, kt\u00f3r\u0105 B\u00f3g wzywa na pustyni\u0119, Ona jest prawdziwie i podw\u00f3jnie, mo\u017cna by rzec, pustyni\u0105, z powodu swego Niepokalanego Pocz\u0119cia i z powodu obecno\u015bci Dzieci\u0119cia Bo\u017cego w Jej \u0142onie. Jest Ona zatem rzeczywi\u015bcie t\u0105 doskona\u0142\u0105 pustyni\u0105 zdoln\u0105 ca\u0142kowicie przyj\u0105\u0107 Wiekuistego.<\/p>\n<p>Maryja jest pouczana w spos\u00f3b o wiele g\u0142\u0119bszy i rozumie Go tym lepiej, poniewa\u017c: \u201eTo do Niej w pierwszej kolejno\u015bci B\u00f3g zechcia\u0142 przem\u00f3wi\u0107, gdy powiedzia\u0142, \u017ce zaprowadzi J\u0105 na pustyni\u0119, by przem\u00f3wi\u0107 do Jej serca; a w spos\u00f3b wyj\u0105tkowy, poniewa\u017c niestworzone s\u0142owo, S\u0142owo sta\u0142o si\u0119 cia\u0142em, zst\u0105pi\u0142o i spocz\u0119\u0142o w Niej\u201d. To w\u0142a\u015bnie w samotno\u015bci i ciszy Maryja pocz\u0119\u0142a w wielkiej tajemnicy. Jest Ona tabernakulum najwy\u017cszego Boga. Jedn\u0105 z najwi\u0119kszych \u0142ask, jakie mo\u017cna otrzyma\u0107, jest \u0142aska odkrycia tej \u015bwi\u0105tyni Maryi i wkroczenia do niej, by znale\u017a\u0107 tam Jezusa. On wci\u0105\u017c \u017cyje w Maryi. B\u00f3g jest w Niej. Ona jest Miastem Boga, T\u0105, kt\u00f3r\u0105 On wybra\u0142. Przebywa w Dziewicy jak we w\u0142asnej \u015bwi\u0105tyni. Duch Syna dany jest Matce S\u0142owa Wcielonego wraz z w\u0142a\u015bciwo\u015bci\u0105 przynale\u017cno\u015bci, kt\u00f3ra czyni J\u0105 Jego zwyczajnym i uprzywilejowanym sanktuarium\u2026 Jego pustyni\u0105. Ona jest miejscem, w kt\u00f3rym Jej Syn przebywa w spos\u00f3b zwyczajny i uprzywilejowany.<br \/>\nfsspx.news<\/p>\n","protected":false},"excerpt":{"rendered":"<p>Kr\u00f3lowa Pustyni Maryja Panna jest Kr\u00f3low\u0105 pustyni: \u201cQuae est ista? Kt\u00f3ra\u017c to jest, kt\u00f3ra wst\u0119puje z puszczy, oparta o mi\u0142ego swego?\u201d* Milcz\u0105cy podziw wobec Dziewicy Maryi. Quae est ista? Szko\u0142a milczenia zaczyna si\u0119 od podziwu. Gdy J\u0105 rozwa\u017camy, gdy na Ni\u0105 patrzymy, nie mo\u017cemy Jej nie podziwia\u0107. Ten podziw, odpowiadaj\u0105cy<a class=\"more-link\" href=\"https:\/\/test4.mi-backup.ch\/pl\/krolowa-pustyni\/\">Czytaj dalej &rarr;<\/a><\/p>\n","protected":false},"author":9,"featured_media":31650,"comment_status":"closed","ping_status":"closed","sticky":false,"template":"","format":"standard","meta":[],"categories":[1],"tags":[],"_links":{"self":[{"href":"https:\/\/test4.mi-backup.ch\/pl\/wp-json\/wp\/v2\/posts\/31952"}],"collection":[{"href":"https:\/\/test4.mi-backup.ch\/pl\/wp-json\/wp\/v2\/posts"}],"about":[{"href":"https:\/\/test4.mi-backup.ch\/pl\/wp-json\/wp\/v2\/types\/post"}],"author":[{"embeddable":true,"href":"https:\/\/test4.mi-backup.ch\/pl\/wp-json\/wp\/v2\/users\/9"}],"replies":[{"embeddable":true,"href":"https:\/\/test4.mi-backup.ch\/pl\/wp-json\/wp\/v2\/comments?post=31952"}],"version-history":[{"count":3,"href":"https:\/\/test4.mi-backup.ch\/pl\/wp-json\/wp\/v2\/posts\/31952\/revisions"}],"predecessor-version":[{"id":31955,"href":"https:\/\/test4.mi-backup.ch\/pl\/wp-json\/wp\/v2\/posts\/31952\/revisions\/31955"}],"wp:featuredmedia":[{"embeddable":true,"href":"https:\/\/test4.mi-backup.ch\/pl\/wp-json\/wp\/v2\/media\/31650"}],"wp:attachment":[{"href":"https:\/\/test4.mi-backup.ch\/pl\/wp-json\/wp\/v2\/media?parent=31952"}],"wp:term":[{"taxonomy":"category","embeddable":true,"href":"https:\/\/test4.mi-backup.ch\/pl\/wp-json\/wp\/v2\/categories?post=31952"},{"taxonomy":"post_tag","embeddable":true,"href":"https:\/\/test4.mi-backup.ch\/pl\/wp-json\/wp\/v2\/tags?post=31952"}],"curies":[{"name":"wp","href":"https:\/\/api.w.org\/{rel}","templated":true}]}}