{"id":34386,"date":"2021-01-21T15:12:55","date_gmt":"2021-01-21T14:12:55","guid":{"rendered":"https:\/\/test4.mi-backup.ch\/?p=34386"},"modified":"2021-01-21T16:40:01","modified_gmt":"2021-01-21T15:40:01","slug":"modlitwa-i-pokuta-publiczna-droga-ratunku","status":"publish","type":"post","link":"https:\/\/test4.mi-backup.ch\/pl\/modlitwa-i-pokuta-publiczna-droga-ratunku\/","title":{"rendered":"Modlitwa i pokuta publiczna drog\u0105 ratunku"},"content":{"rendered":"<p><span style=\"font-family: Times New Roman, serif;\"><span style=\"font-size: medium;\"><span style=\"font-size: x-large;\"><span lang=\"pl-PL\">Jedna z Rycerek na <\/span><\/span><span style=\"font-family: Times New Roman CE, serif;\"><span style=\"font-size: x-large;\"><span lang=\"pl-PL\">spotkaniu Ko\u0142a M<\/span><\/span><\/span><span style=\"font-size: x-large;\"><span lang=\"pl-PL\">.I. 2 <\/span><\/span><span style=\"font-family: Times New Roman CE, serif;\"><span style=\"font-size: x-large;\"><span lang=\"pl-PL\"><i>Krak\u00f3w Maryi<\/i><\/span><\/span><\/span><span style=\"font-family: Times New Roman CE, serif;\"><span style=\"font-size: x-large;\"><span lang=\"pl-PL\"> zaproponowa\u0142a, aby aposto\u0142owa\u0107 <\/span><\/span><\/span><span style=\"font-size: x-large;\"><span lang=\"pl-PL\">poprzez <\/span><\/span><span style=\"font-family: Times New Roman CE, serif;\"><span style=\"font-size: x-large;\"><span lang=\"pl-PL\">modlitw\u0119 w ma\u0142ych grupkach przy kapliczkach i krzy\u017cach w swojej okolicy.<\/span><\/span><\/span><span style=\"font-size: x-large;\"><span lang=\"pl-PL\"> J<\/span><\/span><span style=\"font-family: Times New Roman CE, serif;\"><span style=\"font-size: x-large;\"><span lang=\"pl-PL\">u\u017c kilka takich grup modli si\u0119<\/span><\/span><\/span><span style=\"font-size: x-large;\"><span lang=\"pl-PL\"> wsp\u00f3lnie.<\/span><\/span><\/span><\/span><\/p>\n<p><span style=\"font-family: Times New Roman, serif;\"><span style=\"font-size: medium;\"><span style=\"font-family: Times New Roman CE, serif;\"><span style=\"font-size: x-large;\"><span lang=\"pl-PL\">W obecnych czasach stajemy bezradni wobec fali bezbo\u017cno\u015bci, jeste\u015bmy ustawicznie niewoleni coraz to nowymi ograniczeniami. Pokusa zamienienia wiary w spraw\u0119 wewn\u0119trzn\u0105 narasta w miar\u0119 poddawania si\u0119 przepisom prawa, a nawet bezprawia. Ale przecie\u017c musimy pami\u0119ta\u0107, \u017ce <\/span><\/span><\/span><span style=\"font-size: x-large;\"><span lang=\"pl-PL\">w<\/span><\/span><span style=\"font-family: Times New Roman CE, serif;\"><span style=\"font-size: x-large;\"><span lang=\"pl-PL\">iara daje wolno\u015b\u0107 prawdziw\u0105, niczym nie zast\u0105pion\u0105. Katolik musi przypomnie\u0107 sobie o swojej prawdziwej wolno\u015bci dziecka bo\u017cego. A wolno\u015b\u0107 ta to nie swawola w\u0142asnego wyboru, tylko poddanie si\u0119 woli Bo\u017cej, a jeszcze lepiej, poddanie si\u0119 jej przez Maryj\u0119. <\/span><\/span><\/span><\/span><\/span><\/p>\n<p><span style=\"font-family: Times New Roman, serif;\"><span style=\"font-size: medium;\"><span style=\"font-family: Times New Roman CE, serif;\"><span style=\"font-size: x-large;\"><span lang=\"pl-PL\">Wielu zgn\u0119bionych i zniech\u0119conych porzuca dzi\u015b wiar\u0119, ucieka od Ko\u015bcio\u0142a, za wolno\u015b\u0107 uznaje w\u0142asny wyb\u00f3r. Dusze gubi\u0105 si\u0119, bo nie umiej\u0105 znale\u017a\u0107 drogi powrotu w tym og\u00f3lnym zam\u0119cie.<\/span><\/span><\/span><\/span><\/span><\/p>\n<p><span style=\"font-family: Times New Roman, serif;\"><span style=\"font-size: medium;\"><span style=\"font-family: Times New Roman CE, serif;\"><span style=\"font-size: x-large;\"><span lang=\"pl-PL\">Rycerze Niepokalanej powinni sta\u0107 si\u0119 takimi drogowskazami, swego rodzaju latarniami, nie przez swoj\u0105 wyj\u0105tkowo\u015b\u0107, a przez pokorn\u0105 uleg\u0142o\u015b\u0107 Maryi.<\/span><\/span><\/span><\/span><\/span><\/p>\n<p><span style=\"font-family: Times New Roman, serif;\"><span style=\"font-size: medium;\"><span style=\"font-family: Times New Roman CE, serif;\"><span style=\"font-size: x-large;\"><span lang=\"pl-PL\">Drogowskazami stawa\u0142y si\u0119 dawniej stawiane przez naszych przodk\u00f3w, z wiar\u0105 i mi\u0142o\u015bci\u0105, z wdzi\u0119czno\u015bci\u0105 i dzi\u0119kczynieniem, liczne przydro\u017cne <\/span><\/span><\/span><span style=\"font-size: x-large;\"><span lang=\"pl-PL\">k<\/span><\/span><span style=\"font-family: Times New Roman CE, serif;\"><span style=\"font-size: x-large;\"><span lang=\"pl-PL\">rzy\u017ce i <\/span><\/span><\/span><span style=\"font-size: x-large;\"><span lang=\"pl-PL\">k<\/span><\/span><span style=\"font-family: Times New Roman CE, serif;\"><span style=\"font-size: x-large;\"><span lang=\"pl-PL\">apliczki, Przy nich pobo\u017cny nar\u00f3d oddawa\u0142 si\u0119 modlitwie publicznej. Cz\u0119sto by\u0142y one znakiem nawr\u00f3cenia i pokuty. Przy nich w\u0119drowcy znajdowali wytchnienie w podr\u00f3\u017cy, a pracuj\u0105cy chwile na wspomnienie w modlitwie o Bogu i celu swojej ci\u0119\u017ckiej pracy. Teraz mijamy te \u015bwi\u0119te miejsca rzadko przystaj\u0105c, czasami tylko, je\u017celi kapliczka urzeknie nas wyj\u0105tkowym jakim\u015b pi\u0119knem czy te\u017c ogarnie nas nostalgia za dawnymi czasami, westchniemy ciche \u201eZdrowa\u015b Maryjo&#8230;\u201d i ju\u017c wracamy do \u201erzeczywisto\u015bci\u201d. Podr\u00f3\u017cujemy samochodami, poci\u0105gami i przydro\u017cne znaki wiary migaj\u0105 nam za oknami i w sekund\u0119 staj\u0105 si\u0119 przesz\u0142o\u015bci\u0105.<\/span><\/span><\/span><\/span><\/span><\/p>\n<p><span style=\"font-family: Times New Roman, serif;\"><span style=\"font-size: medium;\"><span style=\"font-family: Times New Roman CE, serif;\"><span style=\"font-size: x-large;\"><span lang=\"pl-PL\">Skorzystajmy i uczmy si\u0119 m\u0105dro\u015bci od naszych przodk\u00f3w.<\/span><\/span><\/span><\/span><\/span><\/p>\n<p><span style=\"font-family: Times New Roman, serif;\"><span style=\"font-size: medium;\"><span style=\"font-family: Times New Roman CE, serif;\"><span style=\"font-size: x-large;\"><span lang=\"pl-PL\">Rozgl\u0105dnijmy si\u0119 wko\u0142o swojego domu, odnajd\u017amy przydro\u017cny <\/span><\/span><\/span><span style=\"font-size: x-large;\"><span lang=\"pl-PL\">k<\/span><\/span><span style=\"font-family: Times New Roman CE, serif;\"><span style=\"font-size: x-large;\"><span lang=\"pl-PL\">rzy\u017c lub <\/span><\/span><\/span><span style=\"font-size: x-large;\"><span lang=\"pl-PL\">k<\/span><\/span><span style=\"font-family: Times New Roman CE, serif;\"><span style=\"font-size: x-large;\"><span lang=\"pl-PL\">apliczk\u0119, wybierzmy jeden, dwa, wi\u0119cej dni w tygodniu i p\u00f3jd\u017amy modli\u0107 si\u0119 modlitw\u0105 <\/span><\/span><\/span><span style=\"font-size: x-large;\"><span lang=\"pl-PL\">r<\/span><\/span><span style=\"font-family: Times New Roman CE, serif;\"><span style=\"font-size: x-large;\"><span lang=\"pl-PL\">\u00f3\u017ca\u0144cow\u0105 przy tym znaku wiary, sami, z rodzin\u0105, ze znajomymi \u2013 tego nam jeszcze nie zabroniono. Postarajmy si\u0119, aby nasza modlitwa by\u0142a sta\u0142a, to znaczy zawsze w te same dni tygodnia, o jednej wybranej dogodnie godzinie. Sta\u0144my si\u0119 znakami \u017cywej wiary dla w\u0105tpi\u0105cych, zniech\u0119conych, szukaj\u0105cych lub tych, kt\u00f3rzy ju\u017c stracili nadziej\u0119. Maryja sama b\u0119dzie dzia\u0142a\u0107 przez nasze r\u0119ce przesuwaj\u0105ce paciorki <\/span><\/span><\/span><span style=\"font-size: x-large;\"><span lang=\"pl-PL\">r<\/span><\/span><span style=\"font-family: Times New Roman CE, serif;\"><span style=\"font-size: x-large;\"><span lang=\"pl-PL\">\u00f3\u017ca\u0144ca. Wierz\u0119, \u017ce taki znak wiary i publicznej pokuty b\u0119dzie ratunkiem dla wielu dusz wybranych przez nasz\u0105 Matk\u0119 Niebiesk\u0105, a dla nas stanie si\u0119 \u015brodkiem u\u015bwi\u0119cenia i umocnienia w wierze.<\/span><\/span><\/span><\/span><\/span><\/p>\n<p><span style=\"font-family: Times New Roman, serif;\"><span style=\"font-size: medium;\"><span style=\"font-family: Times New Roman CE, serif;\"><span style=\"font-size: x-large;\"><span lang=\"pl-PL\">Niech Polacy, \u017cyj\u0105cy w Kr\u00f3lestwie Maryi jakim jest z Jej wyboru nasza Ojczyzna, oddadz\u0105 Jej w ten spos\u00f3b nale\u017cyt\u0105 cze\u015b\u0107 i prosz\u0105 o przebaczenie za swoj\u0105 niewierno\u015b\u0107.<\/span><\/span><\/span><\/span><\/span><\/p>\n<p align=\"right\"><span style=\"font-family: Times New Roman, serif;\"><span style=\"font-size: medium;\"><span style=\"font-family: Times New Roman CE, serif;\"><span style=\"font-size: x-large;\"><span lang=\"pl-PL\">Rycerz Niepokalanej z<\/span><\/span><\/span><i> <\/i><span style=\"font-family: Times New Roman CE, serif;\"><span style=\"font-size: x-large;\"><span lang=\"pl-PL\">K<\/span><\/span><\/span><span style=\"font-family: Times New Roman CE, serif;\"><span style=\"font-size: x-large;\"><span lang=\"pl-PL\">o\u0142a M<\/span><\/span><\/span><span style=\"font-size: x-large;\"><span lang=\"pl-PL\">.I. 2<\/span><\/span><span style=\"font-size: x-large;\"><span lang=\"pl-PL\"><i> Krak\u00f3w Maryi<\/i><\/span><\/span><\/span><\/span><\/p>\n","protected":false},"excerpt":{"rendered":"<p>Jedna z Rycerek na spotkaniu Ko\u0142a M.I. 2 Krak\u00f3w Maryi zaproponowa\u0142a, aby aposto\u0142owa\u0107 poprzez modlitw\u0119 w ma\u0142ych grupkach przy kapliczkach i krzy\u017cach w swojej okolicy. Ju\u017c kilka takich grup modli si\u0119 wsp\u00f3lnie. W obecnych czasach stajemy bezradni wobec fali bezbo\u017cno\u015bci, jeste\u015bmy ustawicznie niewoleni coraz to nowymi ograniczeniami. Pokusa zamienienia wiary<a class=\"more-link\" href=\"https:\/\/test4.mi-backup.ch\/pl\/modlitwa-i-pokuta-publiczna-droga-ratunku\/\">Czytaj dalej &rarr;<\/a><\/p>\n","protected":false},"author":9,"featured_media":34409,"comment_status":"closed","ping_status":"closed","sticky":false,"template":"","format":"standard","meta":[],"categories":[1],"tags":[],"_links":{"self":[{"href":"https:\/\/test4.mi-backup.ch\/pl\/wp-json\/wp\/v2\/posts\/34386"}],"collection":[{"href":"https:\/\/test4.mi-backup.ch\/pl\/wp-json\/wp\/v2\/posts"}],"about":[{"href":"https:\/\/test4.mi-backup.ch\/pl\/wp-json\/wp\/v2\/types\/post"}],"author":[{"embeddable":true,"href":"https:\/\/test4.mi-backup.ch\/pl\/wp-json\/wp\/v2\/users\/9"}],"replies":[{"embeddable":true,"href":"https:\/\/test4.mi-backup.ch\/pl\/wp-json\/wp\/v2\/comments?post=34386"}],"version-history":[{"count":1,"href":"https:\/\/test4.mi-backup.ch\/pl\/wp-json\/wp\/v2\/posts\/34386\/revisions"}],"predecessor-version":[{"id":34395,"href":"https:\/\/test4.mi-backup.ch\/pl\/wp-json\/wp\/v2\/posts\/34386\/revisions\/34395"}],"wp:featuredmedia":[{"embeddable":true,"href":"https:\/\/test4.mi-backup.ch\/pl\/wp-json\/wp\/v2\/media\/34409"}],"wp:attachment":[{"href":"https:\/\/test4.mi-backup.ch\/pl\/wp-json\/wp\/v2\/media?parent=34386"}],"wp:term":[{"taxonomy":"category","embeddable":true,"href":"https:\/\/test4.mi-backup.ch\/pl\/wp-json\/wp\/v2\/categories?post=34386"},{"taxonomy":"post_tag","embeddable":true,"href":"https:\/\/test4.mi-backup.ch\/pl\/wp-json\/wp\/v2\/tags?post=34386"}],"curies":[{"name":"wp","href":"https:\/\/api.w.org\/{rel}","templated":true}]}}