{"id":41781,"date":"2021-10-24T23:08:14","date_gmt":"2021-10-24T21:08:14","guid":{"rendered":"https:\/\/test4.mi-backup.ch\/?p=41781"},"modified":"2021-10-24T23:09:44","modified_gmt":"2021-10-24T21:09:44","slug":"maryja-panna-zachowana-od-grzechu-pierworodnego","status":"publish","type":"post","link":"https:\/\/test4.mi-backup.ch\/pl\/maryja-panna-zachowana-od-grzechu-pierworodnego\/","title":{"rendered":"Maryja Panna zachowana od grzechu pierworodnego"},"content":{"rendered":"<p><span style=\"font-size: medium;\"><span style=\"font-family: Times New Roman, serif;\"><b>Ten szczeg\u00f3lny przywilej Matki Boskiej nie zosta\u0142 og\u0142oszony przez Ko\u015bci\u00f3\u0142 a\u017c do XIX wieku. <\/b><\/span><span style=\"font-family: Times New Roman, serif;\"><span lang=\"en-GB\"><b>Ale zawsze by\u0142a g\u0142oszona Jej wyj\u0105tkowa \u015bwi\u0119to\u015b\u0107. <\/b><\/span><\/span><span style=\"font-family: Times New Roman, serif;\"><b>Uroczysto\u015b\u0107 Pocz\u0119cia Maryi istnieje od VII wieku. P\u00f3\u017ane \u015bredniowiecze szuka\u0142o teologicznego rozwi\u0105zania, kt\u00f3re pogodzi\u0142oby powszechno\u015b\u0107 <\/b><\/span><span style=\"font-family: Times New Roman, serif;\"><b>odkupienia<\/b><\/span><b> <\/b><span style=\"font-family: Times New Roman, serif;\"><b>dokonanego <\/b><\/span><span style=\"font-family: Times New Roman, serif;\"><b>przez Chrystusa z niepokalanym pocz\u0119ciem Maryi Panny.<\/b><\/span><\/span><\/p>\n<p><span style=\"font-size: medium;\"><span style=\"font-family: Times New Roman, serif;\">Poczynaj\u0105c od roku 1477 papie\u017c Sykstus IV ustanowi\u0142 w Rzymie \u015bwi\u0119to i <\/span><span style=\"font-family: Times New Roman, serif;\">oficjum<\/span><span style=\"font-family: Times New Roman, serif;\"> ku czci Niepokalanego Pocz\u0119cia Naj\u015bwi\u0119tszej Maryi Panny. Sob\u00f3r Trydencki nie rozstrzygn\u0105\u0142 tej kwestii, ale ustali\u0142, \u017ce nie w\u0142\u0105cza Maryi Panny do swojego nauczania o grzechu pierworodnym. Natomiast w roku 1616 papie\u017c Pawe\u0142 V zabroni\u0142 <\/span><span style=\"font-family: Times New Roman, serif;\">kwestionowania <\/span><span style=\"font-family: Times New Roman, serif;\">Niepokalane<\/span><span style=\"font-family: Times New Roman, serif;\">go<\/span><span style=\"font-family: Times New Roman, serif;\"> Pocz\u0119ci<\/span><span style=\"font-family: Times New Roman, serif;\">a<\/span><span style=\"font-family: Times New Roman, serif;\">.<\/span><\/span><\/p>\n<p><span style=\"font-size: medium;\"><span style=\"font-family: Times New Roman, serif;\">8 grudnia 1854 roku papie\u017c Pius IX <\/span><span style=\"font-family: Times New Roman, serif;\">uroczy\u015bcie og\u0142osi\u0142 dogmat<\/span><span style=\"font-family: Times New Roman, serif;\"> o Niepokalanym Pocz\u0119cia w bulli papieskiej \u201e<\/span><span style=\"font-family: Times New Roman, serif;\">Ineffabilis Deus\u201d. Warto zwr\u00f3ci\u0107 uwag\u0119, na jakich tekstach biblijnych opiera si\u0119 <\/span><span style=\"font-family: Times New Roman, serif;\">ten dogmat<\/span><span style=\"font-family: Times New Roman, serif;\">.<\/span><\/span><\/p>\n<p><span style=\"font-family: Times New Roman, serif;\"><span style=\"font-size: medium;\">Ksi\u0119ga Rodzaju 3,15: \u201ePo\u0142o\u017c\u0119 nieprzyja\u017a\u0144 mi\u0119dzy tob\u0105, a mi\u0119dzy niewiast\u0105, i mi\u0119dzy nasieniem twym, a nasieniem jej, ona zetrze g\u0142ow\u0119 twoje, a ty czyha\u0107 b\u0119dziesz na pi\u0119t\u0119 jej\u201d. Wszyscy <\/span><\/span><span style=\"font-family: Times New Roman, serif;\"><span style=\"font-size: medium;\">egzegeci<\/span><\/span><span style=\"font-family: Times New Roman, serif;\"><span style=\"font-size: medium;\"> s\u0105 zgodni, \u017ce okre\u015blenie \u201eniewiasta\u201d odnosi si\u0119 do Maryi Panny. Tekst og\u0142asza zatem zwyci\u0119stwo Maryi nad szatanem, co <\/span><\/span>oznacza<span style=\"font-family: Times New Roman, serif;\"><span style=\"font-size: medium;\">, \u017ce <\/span><\/span><span style=\"font-family: Times New Roman, serif;\"><span style=\"font-size: medium;\">musi by\u0107<\/span><\/span><span style=\"font-family: Times New Roman, serif;\"><span style=\"font-size: medium;\"> Ona wolna od jakiegokolwiek grzechu.<\/span><\/span><\/p>\n<p><span style=\"font-size: medium;\"><span style=\"font-family: Times New Roman, serif;\">Ewangelia wg. \u015bw. \u0141ukasza 1,28: \u201e<\/span><span style=\"font-family: Times New Roman, serif;\">B\u0105d\u017a pozdrowiona, \u0142aski pe\u0142na, Pan z tob\u0105 <\/span><span style=\"font-family: Times New Roman, serif;\">[\u2026]\u201d. Ojcowie Ko\u015bcio\u0142a utrzymuj\u0105, \u017ce owa pe\u0142nia \u0142aski wy\u0142\u0105cza Maryj\u0119 z bycia obci\u0105\u017con\u0105 jakimkolwiek grzechem.<\/span><\/span><\/p>\n<p><em><span style=\"font-family: Times New Roman, serif;\"><b><span style=\"font-size: medium;\">Bulla<\/span><\/b><\/span><\/em><b> <\/b><em><span style=\"font-family: Times New Roman, serif;\"><b>Ineffabilis<\/b><\/span><\/em><b> <\/b><span style=\"font-family: Times New Roman, serif;\"><i><b>Deus \u2013<\/b><\/i><\/span><b> <\/b><span style=\"font-family: Times New Roman, serif;\"><b>dogmat o Niepokalanym Pocz\u0119ciu<\/b><\/span><\/p>\n<p><span style=\"font-size: medium;\"><span style=\"font-family: Times New Roman, serif;\">Bulla z 8 grudnia 1854 wyja\u015bnia rzecz w nast\u0119puj\u0105cy spos\u00f3b: <\/span><\/span><\/p>\n<blockquote><p><span style=\"font-size: medium;\"><span style=\"font-family: Times New Roman, serif;\">\u201e[\u2026] o\u015bwiadczamy, stanowimy i wyrokujemy, \u017ce od Boga jest objawiona, a przeto przez wszystkich wiernych mocno i stale ma by\u0107 wiar\u0105 wyznawana nauka, wed\u0142ug kt\u00f3rej Naj\u015bwi\u0119tsza Dziewica Maryja w pierwszej chwili swego Pocz\u0119cia za szczeg\u00f3lniejsz\u0105 \u0142ask\u0105 i przywilejem Boga Wszechmog\u0105cego, przez wzgl\u0105d na przysz\u0142e zas\u0142ugi Jezusa Chrystusa Zbawiciela rodzaju ludzkiego zachowana by\u0142a woln\u0105 od wszelkiej zmazy pierworodnej winy\u201d.<\/span><\/span><\/p><\/blockquote>\n<p><span style=\"font-size: medium;\"><span style=\"font-family: Times New Roman, serif;\">Sformu\u0142owanie \u201ew pierwszej chwili swego Pocz\u0119cia\u201d oznacza moment po\u0142\u0105czenia si\u0119 cia\u0142a z rozumn\u0105 dusz\u0105.<\/span><\/span><\/p>\n<p>\u201e<span style=\"font-size: medium;\"><span style=\"font-family: Times New Roman, serif;\">Szczeg\u00f3lniejszy przywilej\u201d wy\u0142\u0105cza Maryj\u0119 Pann\u0119 spod powszechnego prawa: chocia\u017c zosta\u0142a Ona pocz\u0119ta wedle praw natury, to jednak konsekwencje wynikaj\u0105ce z tej natury, a zwi\u0105zane z grzechem, zosta\u0142y dla Niej zawieszone.<\/span><\/span><\/p>\n<p>\u201e<span style=\"font-family: Times New Roman, serif;\"><span style=\"font-size: medium;\">Przez wzgl\u0105d na przysz\u0142e zas\u0142ugi Jezusa Chrystusa\u201d: Niepokalane Pocz\u0119cie <\/span><\/span>jest mo\u017cliwe dzi\u0119ki <span style=\"font-family: Times New Roman, serif;\"><span style=\"font-size: medium;\">zas\u0142ugom Chrystusa, Matka Bo\u017ca jest wi\u0119c <\/span><\/span><span style=\"font-family: Times New Roman, serif;\"><span style=\"font-size: medium;\">w istocie<\/span><\/span><span style=\"font-family: Times New Roman, serif;\"><span style=\"font-size: medium;\"> odkupiona przez Zbawiciela.<\/span><\/span><\/p>\n<p>\u201e<span style=\"font-family: Times New Roman, serif;\"><span style=\"font-size: medium;\">Od wszelkiej zmazy\u201d: czyli zar\u00f3wno od winy jak i od kary za grzech; st\u0105d cierpienia, kt\u00f3rych do\u015bwiadcza\u0142a Naj\u015bwi<\/span><\/span><span style=\"font-family: Times New Roman, serif;\"><span style=\"font-size: medium;\">\u0119tsza Maryja Panna nie s\u0105 <\/span><\/span><span style=\"font-family: Times New Roman, serif;\">postrzegane jako kara.<\/span><\/p>\n<p>\u201e<span style=\"font-size: medium;\"><span style=\"font-family: Times New Roman, serif;\">Nauka objawiona\u201d: prawda o tym, \u017ce Maryja Panna zosta\u0142a zachowana od wszelkiej zmazy grzechu pierworodnego, chocia\u017c jedynie po\u015brednio zawarta w Objawieniu, jest zatem dogmatem wiary. <\/span><\/span><\/p>\n<p><span style=\"font-family: Times New Roman, serif;\"><b><span style=\"font-size: medium;\">Teologia <\/span><\/b><\/span><span style=\"font-family: Times New Roman, serif;\"><b>pr\u00f3buje<\/b><\/span><b> <\/b><span style=\"font-family: Times New Roman, serif;\"><b>na r\u00f3\u017cne sposoby <\/b><\/span><span style=\"font-family: Times New Roman, serif;\"><b>wyja\u015bni\u0107 Niepokalane Pocz\u0119cie<\/b><\/span><\/p>\n<p><span style=\"font-size: medium;\"><span style=\"font-family: Times New Roman, serif;\"><i>Stawiaj\u0105c Maryj\u0119 w relacji do Chrystusa<\/i><\/span><span style=\"font-family: Times New Roman, serif;\">: Narodziny Chrystusa z matki podlegaj\u0105cej grzechowi <\/span><span style=\"font-family: Times New Roman, serif;\">uw\u0142acza\u0142oby Jego godno\u015bci<\/span><span style=\"font-family: Times New Roman, serif;\">.<\/span><\/span><\/p>\n<p><span style=\"font-size: medium;\"><span style=\"font-family: Times New Roman, serif;\"><i>W<\/i><\/span><span style=\"font-family: Times New Roman, serif;\"><i> relacji do Tr\u00f3jcy \u015awi\u0119tej<\/i><\/span><span style=\"font-family: Times New Roman, serif;\">: Nie by\u0142oby w\u0142a\u015bciwe, aby osoba \u017cyj\u0105ca w takiej blisko\u015bci z Tr\u00f3jc\u0105 \u015awi\u0119t\u0105 cho\u0107by przez kilka chwil swojego \u017cycia znajdowa\u0142a si\u0119 w stanie grzechu.<\/span><\/span><\/p>\n<p><span style=\"font-size: medium;\"><span style=\"font-family: Times New Roman, serif;\"><span lang=\"en-GB\"><i>Ze strony Ko\u015bcio\u0142a:<\/i><\/span><\/span><\/span><\/p>\n<p><span style=\"font-size: medium;\"><span style=\"font-family: Times New Roman, serif;\">*Matka Bo\u017ca jest <\/span><span style=\"font-family: Times New Roman, serif;\"><i>pierwsz\u0105 z odkupionych<\/i><\/span><span style=\"font-family: Times New Roman, serif;\">. Musi zatem przewy\u017csza\u0107 wszystkich odkupionych doskona\u0142o\u015bci\u0105, kt\u00f3ra polega na odkupieniu jako zachowaniu <\/span><span style=\"font-family: Times New Roman, serif;\">pe\u0142ni \u0142ask<\/span><span style=\"font-family: Times New Roman, serif;\">, a nie przywr\u00f3ceniu do stanu \u0142aski.<\/span><\/span><\/p>\n<p><span style=\"font-size: medium;\"><span style=\"font-family: Times New Roman, serif;\">*Po\u015brednik nie mo\u017ce <\/span><span style=\"font-family: Times New Roman, serif;\"><i>nie spe\u0142nia\u0107 kt\u00f3rego\u015b z wymaganych warunk\u00f3w<\/i><\/span><span style=\"font-family: Times New Roman, serif;\">. Maryja Panna jest Po\u015bredniczk\u0105 Wszelkich \u0141ask, kt\u00f3r\u0105 to funkcj\u0119 sprawuje w zale\u017cno\u015bci od Chrystusa. Musi by\u0107 zatem bez grzechu.<\/span><\/span><\/p>\n<p><span style=\"font-size: medium;\"><span style=\"font-family: Times New Roman, serif;\">G<\/span><span style=\"font-family: Times New Roman, serif;\">rzech pierworodny jest pozbawieniem \u0142aski u\u015bwi\u0119caj\u0105cej; <\/span><span style=\"font-family: Times New Roman, serif;\">z<\/span><span style=\"font-family: Times New Roman, serif;\"> dogmatu o Niepokalanym Pocz\u0119ciu <\/span><span style=\"color: #000000;\"><span style=\"font-family: Times New Roman, serif;\">wynika<\/span><\/span><span style=\"color: #000000;\"><span style=\"font-family: Times New Roman, serif;\">, <\/span><\/span><span style=\"font-family: Times New Roman, serif;\">\u017ce Matka Bo\u017ca by\u0142a w stanie \u0142aski od pierwszej chwili swojego pocz\u0119cia,<\/span><\/span><\/p>\n<p><span style=\"font-size: small;\"><span style=\"color: #727273;\"><span style=\"font-family: Times New Roman, serif;\"><span lang=\"en-GB\">fsspx.news<\/span><\/span><\/span><\/span><\/p>\n","protected":false},"excerpt":{"rendered":"<p>Ten szczeg\u00f3lny przywilej Matki Boskiej nie zosta\u0142 og\u0142oszony przez Ko\u015bci\u00f3\u0142 a\u017c do XIX wieku. Ale zawsze by\u0142a g\u0142oszona Jej wyj\u0105tkowa \u015bwi\u0119to\u015b\u0107. Uroczysto\u015b\u0107 Pocz\u0119cia Maryi istnieje od VII wieku. P\u00f3\u017ane \u015bredniowiecze szuka\u0142o teologicznego rozwi\u0105zania, kt\u00f3re pogodzi\u0142oby powszechno\u015b\u0107 odkupienia dokonanego przez Chrystusa z niepokalanym pocz\u0119ciem Maryi Panny. Poczynaj\u0105c od roku 1477 papie\u017c<a class=\"more-link\" href=\"https:\/\/test4.mi-backup.ch\/pl\/maryja-panna-zachowana-od-grzechu-pierworodnego\/\">Czytaj dalej &rarr;<\/a><\/p>\n","protected":false},"author":9,"featured_media":41783,"comment_status":"closed","ping_status":"closed","sticky":false,"template":"","format":"standard","meta":[],"categories":[1],"tags":[],"_links":{"self":[{"href":"https:\/\/test4.mi-backup.ch\/pl\/wp-json\/wp\/v2\/posts\/41781"}],"collection":[{"href":"https:\/\/test4.mi-backup.ch\/pl\/wp-json\/wp\/v2\/posts"}],"about":[{"href":"https:\/\/test4.mi-backup.ch\/pl\/wp-json\/wp\/v2\/types\/post"}],"author":[{"embeddable":true,"href":"https:\/\/test4.mi-backup.ch\/pl\/wp-json\/wp\/v2\/users\/9"}],"replies":[{"embeddable":true,"href":"https:\/\/test4.mi-backup.ch\/pl\/wp-json\/wp\/v2\/comments?post=41781"}],"version-history":[{"count":2,"href":"https:\/\/test4.mi-backup.ch\/pl\/wp-json\/wp\/v2\/posts\/41781\/revisions"}],"predecessor-version":[{"id":41791,"href":"https:\/\/test4.mi-backup.ch\/pl\/wp-json\/wp\/v2\/posts\/41781\/revisions\/41791"}],"wp:featuredmedia":[{"embeddable":true,"href":"https:\/\/test4.mi-backup.ch\/pl\/wp-json\/wp\/v2\/media\/41783"}],"wp:attachment":[{"href":"https:\/\/test4.mi-backup.ch\/pl\/wp-json\/wp\/v2\/media?parent=41781"}],"wp:term":[{"taxonomy":"category","embeddable":true,"href":"https:\/\/test4.mi-backup.ch\/pl\/wp-json\/wp\/v2\/categories?post=41781"},{"taxonomy":"post_tag","embeddable":true,"href":"https:\/\/test4.mi-backup.ch\/pl\/wp-json\/wp\/v2\/tags?post=41781"}],"curies":[{"name":"wp","href":"https:\/\/api.w.org\/{rel}","templated":true}]}}